{"id":16464,"date":"2024-12-26T10:26:33","date_gmt":"2024-12-26T16:26:33","guid":{"rendered":"https:\/\/fge.oaxaca.gob.mx\/?post_type=noticias&amp;p=7975"},"modified":"2024-12-26T10:26:33","modified_gmt":"2024-12-26T16:26:33","slug":"boletin-1145-obtiene-fgeo-sentencia-de-105-anos-de-prision-contra-tres-personas-por-homicidio-de-lider-transportista-ocurrido-en-los-valles-centrales-de-oaxaca","status":"publish","type":"noticias","link":"https:\/\/portal.fgeo.gob.mx\/index.php\/archivos\/noticias\/boletin-1145-obtiene-fgeo-sentencia-de-105-anos-de-prision-contra-tres-personas-por-homicidio-de-lider-transportista-ocurrido-en-los-valles-centrales-de-oaxaca","title":{"rendered":"BOLET\u00cdN 1,145.- Obtiene FGEO sentencia de 105 a\u00f1os de prisi\u00f3n contra tres personas por homicidio de l\u00edder transportista ocurrido en los Valles Centrales de Oaxaca"},"content":{"rendered":"<p>Oaxaca de Ju\u00e1rez, Oax. 26 de diciembre de 2024.- Derivado del trabajo de investigaci\u00f3n ministerial que realiza la Fiscal\u00eda General del Estado de Oaxaca (FGEO), se obtuvieron tres sentencias condenatorias que suman 105 a\u00f1os de prisi\u00f3n en contra de tres personas del sexo masculino identificadas como H\u00e9ctor H.P.C., alias &#8220;El Loco&#8221;; Guillermo A.A.V., alias &#8220;El Chirris&#8221;; y Marco A.N.H., alias &#8220;El Nava&#8221;, por su responsabilidad en la comisi\u00f3n del delito de homicidio calificado en agravio de P.D.S., l\u00edder transportista, ocurrido en los Valles Centrales.<\/p>\n<p>De acuerdo con lo asentado en el expediente penal del caso, los hechos se suscitaron el 18 de septiembre de 2021, cuando P.D.S. se encontraba al interior de un restaurante ubicado en inmediaciones de la calle Camino Real de San Francisco Tutla perteneciente al municipio de Santa Luc\u00eda del Camino, lugar donde llegaron los responsables quienes lo atacaron con disparos de arma de fuego, infligiendo lesiones que le provocaron la muerte.<\/p>\n<p>Derivado de los hechos, la FGEO atrajo el caso e inici\u00f3 las investigaciones pertinentes a trav\u00e9s de la Fiscal\u00eda de Delitos de Alto Impacto de la Vicefiscal\u00eda Regional de Valles Centrales que logr\u00f3 obtener una orden de aprehensi\u00f3n y posteriormente, la detenci\u00f3n de los tres implicados mismos que fueron llevados ante la autoridad competente que los requiri\u00f3.<\/p>\n<p>En audiencia y tras el desahogo de pruebas aportadas por la FGEO, el Juez que atiende la causa dict\u00f3 sentencia condenatoria de 35 a\u00f1os de prisi\u00f3n contra cada uno de ellos, por su responsabilidad en la comisi\u00f3n del delito de homicidio calificado en contra de P.D.S., adem\u00e1s de imponer el pago de m\u00e1s de un mill\u00f3n 344 mil pesos, por concepto del pago de reparaci\u00f3n del da\u00f1o.<\/p>\n<p>La Fiscal\u00eda de Oaxaca tiene el compromiso de realizar trabajos ministeriales minuciosos y con estricto apego a la ley para que las v\u00edctimas directas e indirectas tengan pleno acceso a la justicia.<\/p>\n<p><img fetchpriority=\"high\" decoding=\"async\" class=\"alignnone size-medium wp-image-7976\" src=\"https:\/\/portal.fgeo.gob.mx\/wp-content\/uploads\/2024\/12\/Dise%C3%B1o-sin-t%C3%ADtulo-2-2-243x300.jpg\" alt=\"\" width=\"243\" height=\"300\" \/> <img decoding=\"async\" class=\"alignnone size-medium wp-image-7977\" src=\"https:\/\/portal.fgeo.gob.mx\/wp-content\/uploads\/2024\/12\/Dise%C3%B1o-sin-t%C3%ADtulo-1-4-240x300.jpg\" alt=\"\" width=\"240\" height=\"300\" \/> <img decoding=\"async\" class=\"alignnone size-medium wp-image-7978\" src=\"https:\/\/portal.fgeo.gob.mx\/wp-content\/uploads\/2024\/12\/Dise%C3%B1o-sin-t%C3%ADtulo-14-300x271.jpg\" alt=\"\" width=\"300\" height=\"271\" \/><\/p>\n","protected":false},"author":2,"featured_media":7869,"comment_status":"closed","ping_status":"closed","template":"","tags":[],"categoria_noticias":[],"class_list":["post-16464","noticias","type-noticias","status-publish","has-post-thumbnail","hentry"],"acf":[],"mb":[],"mfb_rest_fields":["title","gutenberg_elementor_mode"],"_links":{"self":[{"href":"https:\/\/portal.fgeo.gob.mx\/index.php\/wp-json\/wp\/v2\/noticias\/16464","targetHints":{"allow":["GET"]}}],"collection":[{"href":"https:\/\/portal.fgeo.gob.mx\/index.php\/wp-json\/wp\/v2\/noticias"}],"about":[{"href":"https:\/\/portal.fgeo.gob.mx\/index.php\/wp-json\/wp\/v2\/types\/noticias"}],"author":[{"embeddable":true,"href":"https:\/\/portal.fgeo.gob.mx\/index.php\/wp-json\/wp\/v2\/users\/2"}],"replies":[{"embeddable":true,"href":"https:\/\/portal.fgeo.gob.mx\/index.php\/wp-json\/wp\/v2\/comments?post=16464"}],"wp:featuredmedia":[{"embeddable":true,"href":"https:\/\/portal.fgeo.gob.mx\/index.php\/wp-json\/"}],"wp:attachment":[{"href":"https:\/\/portal.fgeo.gob.mx\/index.php\/wp-json\/wp\/v2\/media?parent=16464"}],"wp:term":[{"taxonomy":"post_tag","embeddable":true,"href":"https:\/\/portal.fgeo.gob.mx\/index.php\/wp-json\/wp\/v2\/tags?post=16464"},{"taxonomy":"categoria_noticias","embeddable":true,"href":"https:\/\/portal.fgeo.gob.mx\/index.php\/wp-json\/wp\/v2\/categoria_noticias?post=16464"}],"curies":[{"name":"wp","href":"https:\/\/api.w.org\/{rel}","templated":true}]}}