{"id":16463,"date":"2024-12-24T10:14:20","date_gmt":"2024-12-24T16:14:20","guid":{"rendered":"https:\/\/fge.oaxaca.gob.mx\/?post_type=noticias&amp;p=7973"},"modified":"2024-12-24T10:14:20","modified_gmt":"2024-12-24T16:14:20","slug":"boletin-1144-fiscalia-de-oaxaca-ejecuta-orden-de-aprehension-por-el-delito-de-violacion-ocurrida-en-la-region-de-la-costa","status":"publish","type":"noticias","link":"https:\/\/portal.fgeo.gob.mx\/index.php\/archivos\/noticias\/boletin-1144-fiscalia-de-oaxaca-ejecuta-orden-de-aprehension-por-el-delito-de-violacion-ocurrida-en-la-region-de-la-costa","title":{"rendered":"BOLET\u00cdN 1144.- Fiscal\u00eda de Oaxaca ejecuta orden de aprehensi\u00f3n por el delito de violaci\u00f3n ocurrida en la regi\u00f3n de la Costa"},"content":{"rendered":"<p><img fetchpriority=\"high\" decoding=\"async\" class=\"alignnone size-medium wp-image-7974\" src=\"https:\/\/portal.fgeo.gob.mx\/wp-content\/uploads\/2024\/12\/IMAGEN-BOLET%C3%8DN-1144-225x300.jpg\" alt=\"\" width=\"225\" height=\"300\" \/>Oaxaca de Ju\u00e1rez, Oax. 24 de diciembre de 2024.-\u00a0La Fiscal\u00eda General del Estado de Oaxaca (FGEO) dio cumplimiento a una orden de aprehensi\u00f3n en contra de una persona del sexo masculino identificada como E.F.C., por el delito de violaci\u00f3n, ocurrida en la regi\u00f3n de la Costa.<\/p>\n<p>De acuerdo con el expediente penal del caso, los hechos ocurrieron el 07 de diciembre de 2024, cuando la v\u00edctima se encontraba en una farmacia, ubicada en calles del municipio de Santa Catarina Juquila, sitio en el que fue agredida.<\/p>\n<p>La FGEO, al tomar conocimiento de los hechos derivado de la denuncia, inici\u00f3 las investigaciones correspondientes a trav\u00e9s de la Vicefiscal\u00eda Regional del Costa, reuniendo las pruebas necesarias que permitieron obtener una orden de aprehensi\u00f3n en contra de E.F.C., la cual fue ejecutada por elementos de la Agencia Estatal de Investigaciones (AEI) en inmediaciones de la colonia San Miguel Panixtlahuaca de Santa Catarina Juquila, posteriormente, el detenido fue llevado ante la autoridad correspondiente para su debido proceso legal.<\/p>\n<p>La Fiscal\u00eda de Oaxaca est\u00e1 comprometida con dar celeridad a las investigaciones relacionadas con delitos cometidos en contra de ni\u00f1as, ni\u00f1os, adolescentes y mujeres, por ello, realiza los trabajos a trav\u00e9s de equipos multidisciplinarios que permitan fortalecer las l\u00edneas de investigaci\u00f3n y con ello, brindar certeza a los procesos de procuraci\u00f3n de justicia.<\/p>\n<p>&nbsp;<\/p>\n","protected":false},"author":2,"featured_media":7869,"comment_status":"closed","ping_status":"closed","template":"","tags":[],"categoria_noticias":[],"class_list":["post-16463","noticias","type-noticias","status-publish","has-post-thumbnail","hentry"],"acf":[],"mb":[],"mfb_rest_fields":["title","gutenberg_elementor_mode"],"_links":{"self":[{"href":"https:\/\/portal.fgeo.gob.mx\/index.php\/wp-json\/wp\/v2\/noticias\/16463","targetHints":{"allow":["GET"]}}],"collection":[{"href":"https:\/\/portal.fgeo.gob.mx\/index.php\/wp-json\/wp\/v2\/noticias"}],"about":[{"href":"https:\/\/portal.fgeo.gob.mx\/index.php\/wp-json\/wp\/v2\/types\/noticias"}],"author":[{"embeddable":true,"href":"https:\/\/portal.fgeo.gob.mx\/index.php\/wp-json\/wp\/v2\/users\/2"}],"replies":[{"embeddable":true,"href":"https:\/\/portal.fgeo.gob.mx\/index.php\/wp-json\/wp\/v2\/comments?post=16463"}],"wp:featuredmedia":[{"embeddable":true,"href":"https:\/\/portal.fgeo.gob.mx\/index.php\/wp-json\/"}],"wp:attachment":[{"href":"https:\/\/portal.fgeo.gob.mx\/index.php\/wp-json\/wp\/v2\/media?parent=16463"}],"wp:term":[{"taxonomy":"post_tag","embeddable":true,"href":"https:\/\/portal.fgeo.gob.mx\/index.php\/wp-json\/wp\/v2\/tags?post=16463"},{"taxonomy":"categoria_noticias","embeddable":true,"href":"https:\/\/portal.fgeo.gob.mx\/index.php\/wp-json\/wp\/v2\/categoria_noticias?post=16463"}],"curies":[{"name":"wp","href":"https:\/\/api.w.org\/{rel}","templated":true}]}}