{"id":16462,"date":"2024-12-23T15:00:53","date_gmt":"2024-12-23T21:00:53","guid":{"rendered":"https:\/\/fge.oaxaca.gob.mx\/?post_type=noticias&amp;p=7965"},"modified":"2024-12-23T15:00:53","modified_gmt":"2024-12-23T21:00:53","slug":"obtiene-fgeo-vinculacion-a-proceso-contra-siete-personas-detenidas-durante-operativo-aseguran-armas-y-drogas-en-la-region-de-la-costa-oaxaca-de-juarez-oax-23-de-diciembre-de-2024-como-parte-de","status":"publish","type":"noticias","link":"https:\/\/portal.fgeo.gob.mx\/index.php\/archivos\/noticias\/obtiene-fgeo-vinculacion-a-proceso-contra-siete-personas-detenidas-durante-operativo-aseguran-armas-y-drogas-en-la-region-de-la-costa-oaxaca-de-juarez-oax-23-de-diciembre-de-2024-como-parte-de","title":{"rendered":"BOLET\u00cdN 1,143.-Obtiene FGEO vinculaci\u00f3n a proceso contra siete personas detenidas durante operativo, aseguran armas y drogas, en la regi\u00f3n de la Costa"},"content":{"rendered":"<p>Oaxaca de Ju\u00e1rez, Oax. 23 de diciembre de 2024.- Como parte de las acciones de combate a delitos de alto impacto, la Fiscal\u00eda General del Estado de Oaxaca (FGEO) obtuvo auto de vinculaci\u00f3n a proceso en contra de siete personas, entre ellas, una mujer identificada como M.A.L.S., y seis hombres identificados como E.N.H., A.L.S., J.G.M., R.N.S., F.D.M.S. y G.R.A., imputados por el delito contra la salud cometido en la regi\u00f3n de la Costa.<\/p>\n<p>De acuerdo con la investigaci\u00f3n, Agentes Estatales de Investigaci\u00f3n (AEI) adscritos a la Vicefiscal\u00eda Regional de la Costa junto con la Secretar\u00eda de la Defensa Nacional (DEFENSA), Guardia Nacional y Polic\u00eda Estatal realizaron un operativo interinstitucional de seguridad y prevenci\u00f3n, en la poblaci\u00f3n de Patria Nueva perteneciente al municipio de Santiago Jamiltepec.<\/p>\n<p>Al observar que un grupo de personas trat\u00f3 de evadir la movilizaci\u00f3n, les dieron alcance y lograron la detenci\u00f3n de siete personas que estaban en posesi\u00f3n de diversas dosis de drogas como cristal, marihuana, metanfetamina y cannabis sativa, adem\u00e1s de armas de fuego con cartuchos \u00fatiles, las cuales quedaron -junto con los detenidos- a disposici\u00f3n de la autoridad competente.<\/p>\n<p>Tras el desahogo de pruebas ministeriales aportadas por la FGEO, el Juez que atiende la causa dict\u00f3 auto de vinculaci\u00f3n a proceso en contra de los siete imputados, a quienes les impuso la medida cautelar de prisi\u00f3n preventiva por el delito contra la salud, concediendo un plazo de dos meses para el cierre de investigaci\u00f3n complementaria.<\/p>\n<p>La Fiscal\u00eda de Oaxaca refrenda su compromiso de trabajar para combatir este tipo de delitos que atentan contra la paz social.<\/p>\n<figure id=\"attachment_7966\" aria-describedby=\"caption-attachment-7966\" style=\"width: 300px\" class=\"wp-caption alignnone\"><img fetchpriority=\"high\" decoding=\"async\" class=\"size-medium wp-image-7966\" src=\"https:\/\/portal.fgeo.gob.mx\/wp-content\/uploads\/2024\/12\/Dise%C3%B1o-sin-t%C3%ADtulo-2-1-300x273.jpg\" alt=\"\" width=\"300\" height=\"273\" \/><figcaption id=\"caption-attachment-7966\" class=\"wp-caption-text\">Dise\u00f1o sin t\u00edtulo &#8211; 1<\/figcaption><\/figure>\n<figure id=\"attachment_7967\" aria-describedby=\"caption-attachment-7967\" style=\"width: 300px\" class=\"wp-caption alignnone\"><img decoding=\"async\" class=\"size-medium wp-image-7967\" src=\"https:\/\/portal.fgeo.gob.mx\/wp-content\/uploads\/2024\/12\/Dise%C3%B1o-sin-t%C3%ADtulo-3-1-300x141.jpg\" alt=\"\" width=\"300\" height=\"141\" \/><figcaption id=\"caption-attachment-7967\" class=\"wp-caption-text\">Dise\u00f1o sin t\u00edtulo &#8211; 1<\/figcaption><\/figure>\n<figure id=\"attachment_7968\" aria-describedby=\"caption-attachment-7968\" style=\"width: 300px\" class=\"wp-caption alignnone\"><img decoding=\"async\" class=\"size-medium wp-image-7968\" src=\"https:\/\/portal.fgeo.gob.mx\/wp-content\/uploads\/2024\/12\/Dise%C3%B1o-sin-t%C3%ADtulo-4-1-300x236.jpg\" alt=\"\" width=\"300\" height=\"236\" \/><figcaption id=\"caption-attachment-7968\" class=\"wp-caption-text\">Dise\u00f1o sin t\u00edtulo &#8211; 1<\/figcaption><\/figure>\n<figure id=\"attachment_7969\" aria-describedby=\"caption-attachment-7969\" style=\"width: 300px\" class=\"wp-caption alignnone\"><img loading=\"lazy\" decoding=\"async\" class=\"size-medium wp-image-7969\" src=\"https:\/\/portal.fgeo.gob.mx\/wp-content\/uploads\/2024\/12\/Dise%C3%B1o-sin-t%C3%ADtulo-5-1-300x230.jpg\" alt=\"\" width=\"300\" height=\"230\" \/><figcaption id=\"caption-attachment-7969\" class=\"wp-caption-text\">Dise\u00f1o sin t\u00edtulo &#8211; 1<\/figcaption><\/figure>\n<figure id=\"attachment_7970\" aria-describedby=\"caption-attachment-7970\" style=\"width: 300px\" class=\"wp-caption alignnone\"><img loading=\"lazy\" decoding=\"async\" class=\"size-medium wp-image-7970\" src=\"https:\/\/portal.fgeo.gob.mx\/wp-content\/uploads\/2024\/12\/Dise%C3%B1o-sin-t%C3%ADtulo-6-1-300x198.jpg\" alt=\"\" width=\"300\" height=\"198\" \/><figcaption id=\"caption-attachment-7970\" class=\"wp-caption-text\">Dise\u00f1o sin t\u00edtulo &#8211; 1<\/figcaption><\/figure>\n<p><img loading=\"lazy\" decoding=\"async\" class=\"alignnone size-medium wp-image-7971\" src=\"https:\/\/portal.fgeo.gob.mx\/wp-content\/uploads\/2024\/12\/Dise%C3%B1o-sin-t%C3%ADtulo-1-3-225x300.jpg\" alt=\"\" width=\"225\" height=\"300\" \/><img loading=\"lazy\" decoding=\"async\" class=\"alignnone size-medium wp-image-7972\" src=\"https:\/\/portal.fgeo.gob.mx\/wp-content\/uploads\/2024\/12\/Dise%C3%B1o-sin-t%C3%ADtulo-13-225x300.jpg\" alt=\"\" width=\"225\" height=\"300\" \/><\/p>\n","protected":false},"author":2,"featured_media":7869,"comment_status":"closed","ping_status":"closed","template":"","tags":[],"categoria_noticias":[],"class_list":["post-16462","noticias","type-noticias","status-publish","has-post-thumbnail","hentry"],"acf":[],"mb":[],"mfb_rest_fields":["title","gutenberg_elementor_mode"],"_links":{"self":[{"href":"https:\/\/portal.fgeo.gob.mx\/index.php\/wp-json\/wp\/v2\/noticias\/16462","targetHints":{"allow":["GET"]}}],"collection":[{"href":"https:\/\/portal.fgeo.gob.mx\/index.php\/wp-json\/wp\/v2\/noticias"}],"about":[{"href":"https:\/\/portal.fgeo.gob.mx\/index.php\/wp-json\/wp\/v2\/types\/noticias"}],"author":[{"embeddable":true,"href":"https:\/\/portal.fgeo.gob.mx\/index.php\/wp-json\/wp\/v2\/users\/2"}],"replies":[{"embeddable":true,"href":"https:\/\/portal.fgeo.gob.mx\/index.php\/wp-json\/wp\/v2\/comments?post=16462"}],"wp:featuredmedia":[{"embeddable":true,"href":"https:\/\/portal.fgeo.gob.mx\/index.php\/wp-json\/"}],"wp:attachment":[{"href":"https:\/\/portal.fgeo.gob.mx\/index.php\/wp-json\/wp\/v2\/media?parent=16462"}],"wp:term":[{"taxonomy":"post_tag","embeddable":true,"href":"https:\/\/portal.fgeo.gob.mx\/index.php\/wp-json\/wp\/v2\/tags?post=16462"},{"taxonomy":"categoria_noticias","embeddable":true,"href":"https:\/\/portal.fgeo.gob.mx\/index.php\/wp-json\/wp\/v2\/categoria_noticias?post=16462"}],"curies":[{"name":"wp","href":"https:\/\/api.w.org\/{rel}","templated":true}]}}