{"id":16461,"date":"2024-12-23T11:23:33","date_gmt":"2024-12-23T17:23:33","guid":{"rendered":"https:\/\/fge.oaxaca.gob.mx\/?post_type=noticias&amp;p=7962"},"modified":"2024-12-23T11:23:33","modified_gmt":"2024-12-23T17:23:33","slug":"boletin-1142-obtiene-fgeo-vinculacion-a-proceso-y-prision-contra-dos-personas-por-homicidio-ocurrido-en-el-distrito-de-putla","status":"publish","type":"noticias","link":"https:\/\/portal.fgeo.gob.mx\/index.php\/archivos\/noticias\/boletin-1142-obtiene-fgeo-vinculacion-a-proceso-y-prision-contra-dos-personas-por-homicidio-ocurrido-en-el-distrito-de-putla","title":{"rendered":"BOLET\u00cdN 1,142.- Obtiene FGEO vinculaci\u00f3n a proceso y prisi\u00f3n contra dos personas por homicidio ocurrido en el distrito de Putla"},"content":{"rendered":"<p>Oaxaca de Ju\u00e1rez, Oax. 23 de diciembre de 2024.- La Fiscal\u00eda General del Estado de Oaxaca (FGEO) obtuvo auto de vinculaci\u00f3n a proceso y prisi\u00f3n preventiva contra dos personas del sexo masculino identificados como O.D.O., y C.D.O., imputados por el delito de homicidio calificado con ventaja, cometido en el distrito de Putla Villa de Guerrero.<\/p>\n<p>De acuerdo con el expediente penal del caso, los hechos ocurrieron el 15 de junio de 2024, cuando la v\u00edctima -un hombre identificado como M.H.M.- circulaba a bordo de una unidad de motor, perteneciente a la l\u00ednea de transportes, sobre la carretera federal perteneciente a la comunidad de San Isidro de Morelos jurisdicci\u00f3n de Putla villa de Guerrero, a la altura del paraje Curva del Sur o Capilla del Sur, lugar donde fue privada de su vida.<\/p>\n<p>La investigaci\u00f3n revela que, en ese lugar, la v\u00edctima fue interceptada y agredida con disparos de arma de fuego infligiendo lesiones que le ocasionaron la muerte.<\/p>\n<p>Ante estos hechos, la FGEO inici\u00f3 las investigaciones a trav\u00e9s de la Vicefiscal\u00eda Regional de la Mixteca, gracias a las cuales fue posible la aprehensi\u00f3n y detenci\u00f3n de los imputados, quienes fueron puestos a disposici\u00f3n de la autoridad ministerial para su proceso legal.<\/p>\n<p>Tras el desahogo de pruebas ministeriales aportadas por la FGEO, el Juez que atiende la causa determin\u00f3 dictar auto de vinculaci\u00f3n a proceso en contra de ambos imputados, a quienes les impuso la medida cautelar de prisi\u00f3n preventiva oficiosa, por el delito de homicidio calificado con ventaja, concediendo un plazo de dos meses para el cierre de investigaci\u00f3n complementaria.<\/p>\n<p>La Fiscal\u00eda General garantiza investigaciones exhaustivas para esclarecer delitos, aplicando las herramientas legales para castigar a quien o quienes resulten responsables.<\/p>\n<p><img fetchpriority=\"high\" decoding=\"async\" class=\"alignnone size-medium wp-image-7963\" src=\"https:\/\/portal.fgeo.gob.mx\/wp-content\/uploads\/2024\/12\/WhatsApp-Image-2024-12-23-at-11.12.31-AM-237x300.jpeg\" alt=\"\" width=\"237\" height=\"300\" \/> <img decoding=\"async\" class=\"alignnone size-medium wp-image-7964\" src=\"https:\/\/portal.fgeo.gob.mx\/wp-content\/uploads\/2024\/12\/WhatsApp-Image-2024-12-23-at-11.12.30-AM-233x300.jpeg\" alt=\"\" width=\"233\" height=\"300\" \/><\/p>\n","protected":false},"author":2,"featured_media":7869,"comment_status":"closed","ping_status":"closed","template":"","tags":[],"categoria_noticias":[],"class_list":["post-16461","noticias","type-noticias","status-publish","has-post-thumbnail","hentry"],"acf":[],"mb":[],"mfb_rest_fields":["title","gutenberg_elementor_mode"],"_links":{"self":[{"href":"https:\/\/portal.fgeo.gob.mx\/index.php\/wp-json\/wp\/v2\/noticias\/16461","targetHints":{"allow":["GET"]}}],"collection":[{"href":"https:\/\/portal.fgeo.gob.mx\/index.php\/wp-json\/wp\/v2\/noticias"}],"about":[{"href":"https:\/\/portal.fgeo.gob.mx\/index.php\/wp-json\/wp\/v2\/types\/noticias"}],"author":[{"embeddable":true,"href":"https:\/\/portal.fgeo.gob.mx\/index.php\/wp-json\/wp\/v2\/users\/2"}],"replies":[{"embeddable":true,"href":"https:\/\/portal.fgeo.gob.mx\/index.php\/wp-json\/wp\/v2\/comments?post=16461"}],"wp:featuredmedia":[{"embeddable":true,"href":"https:\/\/portal.fgeo.gob.mx\/index.php\/wp-json\/"}],"wp:attachment":[{"href":"https:\/\/portal.fgeo.gob.mx\/index.php\/wp-json\/wp\/v2\/media?parent=16461"}],"wp:term":[{"taxonomy":"post_tag","embeddable":true,"href":"https:\/\/portal.fgeo.gob.mx\/index.php\/wp-json\/wp\/v2\/tags?post=16461"},{"taxonomy":"categoria_noticias","embeddable":true,"href":"https:\/\/portal.fgeo.gob.mx\/index.php\/wp-json\/wp\/v2\/categoria_noticias?post=16461"}],"curies":[{"name":"wp","href":"https:\/\/api.w.org\/{rel}","templated":true}]}}