{"id":16460,"date":"2024-12-19T13:36:59","date_gmt":"2024-12-19T19:36:59","guid":{"rendered":"https:\/\/fge.oaxaca.gob.mx\/?post_type=noticias&amp;p=7958"},"modified":"2024-12-19T13:36:59","modified_gmt":"2024-12-19T19:36:59","slug":"boletin-1140-fiscalia-de-oaxaca-colabora-con-fiscalia-de-puebla-para-ejecutar-orden-de-aprehension-contra-una-persona-por-feminicidio-cometido-en-san-andres-cholula","status":"publish","type":"noticias","link":"https:\/\/portal.fgeo.gob.mx\/index.php\/archivos\/noticias\/boletin-1140-fiscalia-de-oaxaca-colabora-con-fiscalia-de-puebla-para-ejecutar-orden-de-aprehension-contra-una-persona-por-feminicidio-cometido-en-san-andres-cholula","title":{"rendered":"BOLET\u00cdN 1,140.- Fiscal\u00eda de Oaxaca colabora con Fiscal\u00eda de Puebla para ejecutar orden de aprehensi\u00f3n contra una persona por feminicidio cometido en San Andr\u00e9s Cholula"},"content":{"rendered":"<p>Oaxaca de Ju\u00e1rez, Oax. 19 de diciembre de 2024.- Derivado de la colaboraci\u00f3n interinstitucional con la Fiscal\u00eda de Puebla, la Fiscal\u00eda General del Estado de Oaxaca (FGEO) logr\u00f3 dar con el paradero y realizar la detenci\u00f3n de una persona del sexo masculino identificado como R.L.A., a quien ejecutaron una orden de aprehensi\u00f3n por el delito de feminicidio cometido en San Andr\u00e9s Cholula.<\/p>\n<p>De acuerdo con la causa penal del caso, los hechos sucedieron el 03 de marzo de 2017, cuando la v\u00edctima (una adolescente de 17 a\u00f1os de edad, cuya identidad est\u00e1 reservada por ley) se encontraba en compa\u00f1\u00eda del probable agresor en el interior de un domicilio ubicado en la colonia Santiago Xicotenco, perteneciente a San Andr\u00e9s Cholula, en Puebla, sitio en donde la v\u00edctima fue agredida de manera f\u00edsica y posteriormente atacada con una arma punzo-cortante, infligiendo lesiones que le ocasionaron la muerte.<\/p>\n<p>Al tener conocimiento del caso, la Fiscal\u00eda General del Estado de Puebla inici\u00f3 las investigaciones pertinentes y derivado de ellas, logr\u00f3 la obtenci\u00f3n de una orden de aprehensi\u00f3n en contra de R.L.A., por lo que solicit\u00f3 la colaboraci\u00f3n interinstitucional de la Fiscal\u00eda de Oaxaca para dar cumplimiento al mandato judicial por el delito de feminicidio.<\/p>\n<p>En tanto, la Fiscal\u00eda de Oaxaca -a trav\u00e9s de Agentes Estatales de Investigaci\u00f3n adscritos a la Vicefiscal\u00eda Regional de la Costa-, implement\u00f3 los protocolos de b\u00fasqueda e inteligencia criminal que permitieron dar con el paradero de R.L.A., quien fue aprehendido en el municipio de Pinotepa de Don Luis, de donde es originario.<\/p>\n<p>Una vez detenido, fue llevado a la Comandancia de Pinotepa Nacional para su certificaci\u00f3n m\u00e9dica y documentaci\u00f3n correspondiente para as\u00ed realizar la entrega al personal de la Fiscal\u00eda de Puebla en atenci\u00f3n al oficio de colaboraci\u00f3n solicitado.<\/p>\n<p>Ante casos de delitos cometidos contra mujeres, ni\u00f1as y adolescentes, la Fiscal\u00eda de Oaxaca tiene como prioridad procurar justicia para las v\u00edctimas directas e indirectas de estos hechos, con el objetivo de evitar la impunidad y desincentivar la comisi\u00f3n de estos actos que lesionan profundamente el tejido social.<\/p>\n<p><img fetchpriority=\"high\" decoding=\"async\" class=\"size-medium wp-image-7959\" src=\"https:\/\/portal.fgeo.gob.mx\/wp-content\/uploads\/2024\/12\/Dise%C3%B1o-sin-t%C3%ADtulo-11-300x183.jpg\" alt=\"\" width=\"300\" height=\"183\" \/><\/p>\n","protected":false},"author":2,"featured_media":7869,"comment_status":"closed","ping_status":"closed","template":"","tags":[],"categoria_noticias":[],"class_list":["post-16460","noticias","type-noticias","status-publish","has-post-thumbnail","hentry"],"acf":[],"mb":[],"mfb_rest_fields":["title","gutenberg_elementor_mode"],"_links":{"self":[{"href":"https:\/\/portal.fgeo.gob.mx\/index.php\/wp-json\/wp\/v2\/noticias\/16460","targetHints":{"allow":["GET"]}}],"collection":[{"href":"https:\/\/portal.fgeo.gob.mx\/index.php\/wp-json\/wp\/v2\/noticias"}],"about":[{"href":"https:\/\/portal.fgeo.gob.mx\/index.php\/wp-json\/wp\/v2\/types\/noticias"}],"author":[{"embeddable":true,"href":"https:\/\/portal.fgeo.gob.mx\/index.php\/wp-json\/wp\/v2\/users\/2"}],"replies":[{"embeddable":true,"href":"https:\/\/portal.fgeo.gob.mx\/index.php\/wp-json\/wp\/v2\/comments?post=16460"}],"wp:featuredmedia":[{"embeddable":true,"href":"https:\/\/portal.fgeo.gob.mx\/index.php\/wp-json\/"}],"wp:attachment":[{"href":"https:\/\/portal.fgeo.gob.mx\/index.php\/wp-json\/wp\/v2\/media?parent=16460"}],"wp:term":[{"taxonomy":"post_tag","embeddable":true,"href":"https:\/\/portal.fgeo.gob.mx\/index.php\/wp-json\/wp\/v2\/tags?post=16460"},{"taxonomy":"categoria_noticias","embeddable":true,"href":"https:\/\/portal.fgeo.gob.mx\/index.php\/wp-json\/wp\/v2\/categoria_noticias?post=16460"}],"curies":[{"name":"wp","href":"https:\/\/api.w.org\/{rel}","templated":true}]}}