{"id":16459,"date":"2024-12-19T10:00:14","date_gmt":"2024-12-19T16:00:14","guid":{"rendered":"https:\/\/fge.oaxaca.gob.mx\/?post_type=noticias&amp;p=7954"},"modified":"2024-12-19T10:00:14","modified_gmt":"2024-12-19T16:00:14","slug":"boletin-1139-obtiene-fgeo-fallo-condenatorio-por-homicidio-cometido-contra-elemento-de-la-policia-municipal-de-santa-cruz-xoxocotlan","status":"publish","type":"noticias","link":"https:\/\/portal.fgeo.gob.mx\/index.php\/archivos\/noticias\/boletin-1139-obtiene-fgeo-fallo-condenatorio-por-homicidio-cometido-contra-elemento-de-la-policia-municipal-de-santa-cruz-xoxocotlan","title":{"rendered":"BOLET\u00cdN 1139.-  Obtiene FGEO fallo condenatorio por homicidio cometido contra elemento de la polic\u00eda municipal de Santa Cruz Xoxocotl\u00e1n"},"content":{"rendered":"<p>Oaxaca de Ju\u00e1rez, Oax. 19 de diciembre de 2024. Las labores de Investigaci\u00f3n ministerial especializada que realiza la Fiscal\u00eda General del Estado de Oaxaca (FGEO) dieron como resultado la obtenci\u00f3n de un fallo condenatorio en contra de una persona del sexo masculino identificada como Javier J.B., por el delito de Homicidio Espec\u00edfico, ocurrido en agravio de A.R.C, quien se desempe\u00f1aba como polic\u00eda municipal de Santa Cruz Xoxocotl\u00e1n, en la regi\u00f3n de los Valles Centrales.<\/p>\n<p>De acuerdo con lo establecido en la causa penal, los hechos se suscitaron el 05 de septiembre de 2020, cuando la v\u00edctima -elemento de la polic\u00eda- realizaba la detenci\u00f3n de Javier J.B., en calles de Santa Cruz Xoxocotl\u00e1n, luego de la intervenci\u00f3n ante una llamada de auxilio para atender un caso de violencia familiar.<\/p>\n<p>Sin embargo, Javier J.B., al momento de ser detenido atac\u00f3 al polic\u00eda con un arma punzo-cortante caus\u00e1ndole lesiones graves que lo privaron de la vida; tras el hecho, el imputado fue detenido por elementos de la Polic\u00eda Municipal y puesto a disposici\u00f3n del ministerio p\u00fablico.<\/p>\n<p>Ante este acontecimiento, la instituci\u00f3n de procuraci\u00f3n de justicia inici\u00f3 la investigaci\u00f3n correspondiente a trav\u00e9s de la Vicefiscal\u00eda Regional de Valles Centrales en la cual logr\u00f3 obtener datos de prueba para presentar al imputado ante el juzgado que lo requiri\u00f3 para su proceso legal.<\/p>\n<p>Una vez valoradas las pruebas aportadas por el ministerio p\u00fablico, el Tribunal de Enjuiciamiento dict\u00f3 fallo condenatorio contra el imputado por el delito de homicidio espec\u00edfico, dando un plazo de tiempo para la lectura de la pena.<\/p>\n<p>La Fiscal\u00eda General garantiza investigaciones exhaustivas para esclarecer delitos, aplicando las herramientas legales para castigar a quien o quienes resulten responsables.<\/p>\n<p>&nbsp;<\/p>\n<p><img decoding=\"async\" class=\"alignnone size-full wp-image-7957\" src=\"https:\/\/portal.fgeo.gob.mx\/wp-content\/uploads\/2024\/12\/WhatsApp-Image-2024-12-19-at-10.03.58-AM.jpeg\" alt=\"\" width=\"192\" height=\"182\" \/><\/p>\n","protected":false},"author":2,"featured_media":7869,"comment_status":"closed","ping_status":"closed","template":"","tags":[],"categoria_noticias":[],"class_list":["post-16459","noticias","type-noticias","status-publish","has-post-thumbnail","hentry"],"acf":[],"mb":[],"mfb_rest_fields":["title","gutenberg_elementor_mode"],"_links":{"self":[{"href":"https:\/\/portal.fgeo.gob.mx\/index.php\/wp-json\/wp\/v2\/noticias\/16459","targetHints":{"allow":["GET"]}}],"collection":[{"href":"https:\/\/portal.fgeo.gob.mx\/index.php\/wp-json\/wp\/v2\/noticias"}],"about":[{"href":"https:\/\/portal.fgeo.gob.mx\/index.php\/wp-json\/wp\/v2\/types\/noticias"}],"author":[{"embeddable":true,"href":"https:\/\/portal.fgeo.gob.mx\/index.php\/wp-json\/wp\/v2\/users\/2"}],"replies":[{"embeddable":true,"href":"https:\/\/portal.fgeo.gob.mx\/index.php\/wp-json\/wp\/v2\/comments?post=16459"}],"wp:featuredmedia":[{"embeddable":true,"href":"https:\/\/portal.fgeo.gob.mx\/index.php\/wp-json\/"}],"wp:attachment":[{"href":"https:\/\/portal.fgeo.gob.mx\/index.php\/wp-json\/wp\/v2\/media?parent=16459"}],"wp:term":[{"taxonomy":"post_tag","embeddable":true,"href":"https:\/\/portal.fgeo.gob.mx\/index.php\/wp-json\/wp\/v2\/tags?post=16459"},{"taxonomy":"categoria_noticias","embeddable":true,"href":"https:\/\/portal.fgeo.gob.mx\/index.php\/wp-json\/wp\/v2\/categoria_noticias?post=16459"}],"curies":[{"name":"wp","href":"https:\/\/api.w.org\/{rel}","templated":true}]}}