{"id":16457,"date":"2024-12-18T11:00:59","date_gmt":"2024-12-18T17:00:59","guid":{"rendered":"https:\/\/fge.oaxaca.gob.mx\/?post_type=noticias&amp;p=7947"},"modified":"2024-12-18T11:00:59","modified_gmt":"2024-12-18T17:00:59","slug":"boletin-1136-fgeo-ejecuta-orden-de-aprehension-en-contra-de-dos-personas-por-el-delito-de-homicidio-cometido-en-la-villa-de-zaachila","status":"publish","type":"noticias","link":"https:\/\/portal.fgeo.gob.mx\/index.php\/archivos\/noticias\/boletin-1136-fgeo-ejecuta-orden-de-aprehension-en-contra-de-dos-personas-por-el-delito-de-homicidio-cometido-en-la-villa-de-zaachila","title":{"rendered":"BOLET\u00cdN 1137.- FGEO ejecuta orden de aprehensi\u00f3n en contra de dos personas por el delito de homicidio cometido en la Villa de Zaachila"},"content":{"rendered":"<p>Oaxaca de Ju\u00e1rez, Oax. 18 de diciembre de 2024.-\u00a0 La investigaci\u00f3n ministerial especializada en delitos de alto impacto que realiza la Fiscal\u00eda General del Estado de Oaxaca (FGEO), permiti\u00f3 ejecutar las \u00f3rdenes de aprehensi\u00f3n en contra de dos personas, una mujer identificada como F.L.C., y un hombre identificado como L.C.A., por el delito de Homicidio Calificado, cometido en agravio de G.R.C., en la regi\u00f3n de los Valles Centrales.<\/p>\n<p>La detenci\u00f3n se efectu\u00f3 este 17 de diciembre de 2024, por elementos de la Agencia Estatal de Investigaciones (AEI), en inmediaciones del Municipio del N\u00facleo Rural de La Guadalupe, perteneciente al Municipio de la Villa de Zaachila, siendo puesto ante la autoridad ministerial correspondiente para resolver su situaci\u00f3n jur\u00eddica.<\/p>\n<p>De acuerdo con el expediente penal, los hechos ocurrieron el 14 de noviembre de 2022, cuando la v\u00edctima se encontraba en el paraje conocido como &#8220;el Mogote o el Mirador&#8221;, perteneciente al N\u00facleo Rural de La Guadalupe, cuando fue interceptado por personas que atacaron a la v\u00edctima con un arma corto-contundente (machete), caus\u00e1ndole lesiones en diversas partes del cuerpo, a consecuencia de las cuales perdi\u00f3 la vida.<\/p>\n<p>Derivado de la denuncia penal, la Fiscal\u00eda de Oaxaca tom\u00f3 conocimiento del caso e inici\u00f3 las investigaciones a trav\u00e9s de la Comandancia de la Unidad de Alto Impacto de la Vicefiscal\u00eda Regional de Valles Centrales, logrando obtener las \u00f3rdenes de aprehensi\u00f3n correspondientes.<\/p>\n<p>La Fiscal\u00eda General de Oaxaca refrenda su compromiso de trabajar para ofrecer resultados inmediatos e impedir que la comisi\u00f3n de delitos quede en la impunidad, como parte de los procesos de procuraci\u00f3n de justicia a favor de las v\u00edctimas directas e indirectas, sobre todo en delitos como desaparici\u00f3n de personas que lesionan el tejido social de la entidad.<\/p>\n<p>&nbsp;<\/p>\n<p><img fetchpriority=\"high\" decoding=\"async\" class=\"alignnone size-medium wp-image-7948\" src=\"https:\/\/portal.fgeo.gob.mx\/wp-content\/uploads\/2024\/12\/IMAGEN-1.-BOLET%C3%8DN-1136-1-226x300.png\" alt=\"\" width=\"226\" height=\"300\" \/>\u00a0 \u00a0\u00a0 \u00a0<img decoding=\"async\" class=\"alignnone size-medium wp-image-7949\" src=\"https:\/\/portal.fgeo.gob.mx\/wp-content\/uploads\/2024\/12\/IMAGEN-2.-BOLET%C3%8DN-1136-2-226x300.png\" alt=\"\" width=\"226\" height=\"300\" \/><\/p>\n<p>&nbsp;<\/p>\n","protected":false},"author":2,"featured_media":7869,"comment_status":"closed","ping_status":"closed","template":"","tags":[],"categoria_noticias":[],"class_list":["post-16457","noticias","type-noticias","status-publish","has-post-thumbnail","hentry"],"acf":[],"mb":[],"mfb_rest_fields":["title","gutenberg_elementor_mode"],"_links":{"self":[{"href":"https:\/\/portal.fgeo.gob.mx\/index.php\/wp-json\/wp\/v2\/noticias\/16457","targetHints":{"allow":["GET"]}}],"collection":[{"href":"https:\/\/portal.fgeo.gob.mx\/index.php\/wp-json\/wp\/v2\/noticias"}],"about":[{"href":"https:\/\/portal.fgeo.gob.mx\/index.php\/wp-json\/wp\/v2\/types\/noticias"}],"author":[{"embeddable":true,"href":"https:\/\/portal.fgeo.gob.mx\/index.php\/wp-json\/wp\/v2\/users\/2"}],"replies":[{"embeddable":true,"href":"https:\/\/portal.fgeo.gob.mx\/index.php\/wp-json\/wp\/v2\/comments?post=16457"}],"wp:featuredmedia":[{"embeddable":true,"href":"https:\/\/portal.fgeo.gob.mx\/index.php\/wp-json\/"}],"wp:attachment":[{"href":"https:\/\/portal.fgeo.gob.mx\/index.php\/wp-json\/wp\/v2\/media?parent=16457"}],"wp:term":[{"taxonomy":"post_tag","embeddable":true,"href":"https:\/\/portal.fgeo.gob.mx\/index.php\/wp-json\/wp\/v2\/tags?post=16457"},{"taxonomy":"categoria_noticias","embeddable":true,"href":"https:\/\/portal.fgeo.gob.mx\/index.php\/wp-json\/wp\/v2\/categoria_noticias?post=16457"}],"curies":[{"name":"wp","href":"https:\/\/api.w.org\/{rel}","templated":true}]}}