{"id":16454,"date":"2024-12-17T07:30:34","date_gmt":"2024-12-17T13:30:34","guid":{"rendered":"https:\/\/fge.oaxaca.gob.mx\/?post_type=noticias&amp;p=7941"},"modified":"2024-12-17T07:30:34","modified_gmt":"2024-12-17T13:30:34","slug":"boletin-1133-fgeo-logra-vinculacion-a-proceso-y-obtiene-prision-contra-imputado-por-el-delito-de-feminicidio-cometido-en-hotel-de-la-villa-de-zaachila","status":"publish","type":"noticias","link":"https:\/\/portal.fgeo.gob.mx\/index.php\/archivos\/noticias\/boletin-1133-fgeo-logra-vinculacion-a-proceso-y-obtiene-prision-contra-imputado-por-el-delito-de-feminicidio-cometido-en-hotel-de-la-villa-de-zaachila","title":{"rendered":"BOLET\u00cdN 1133.- FGEO logra vinculaci\u00f3n a proceso y obtiene prisi\u00f3n contra imputado por el delito de feminicidio cometido en hotel de la Villa de Zaachila"},"content":{"rendered":"<p>Oaxaca de Ju\u00e1rez, Oax. 17 de diciembre de 2024.- La aplicaci\u00f3n del Protocolo de Actuaci\u00f3n Ministerial, Pericial y Policial en el Delito de Feminicidio para el Estado permiti\u00f3 que la Fiscal\u00eda General del Estado de Oaxaca (FGEO) obtuviera auto de vinculaci\u00f3n a proceso y prisi\u00f3n preventiva contra una persona del sexo masculino, identificada como E.E.M.V., por el delito de feminicidio agravado en agravio de K.A.H., cometido en la regi\u00f3n de los Valles Centrales.<\/p>\n<p>De acuerdo con la carpeta de investigaci\u00f3n, el 29 de noviembre de 2024, la Fiscal\u00eda de Oaxaca recibi\u00f3 el reporte por el cual un equipo multidisciplinario acudi\u00f3 al interior de un hotel ubicado en la colonia Gonz\u00e1lez Guardado, perteneciente al municipio de la Villa de Zaachila, donde fue localizado el cuerpo sin vida de K.A.H., quien presentaba lesiones que provocaron que perdiera la vida.<\/p>\n<p>Por lo anterior, el caso qued\u00f3 a cargo de la Comandancia de Investigaci\u00f3n Especializada para la Atenci\u00f3n a Delitos Contra la Mujer por Raz\u00f3n de G\u00e9nero de la Vicefiscal\u00eda Regional de Valles Centrales que, apegada a los protocolos para atender casos de feminicidio, logr\u00f3 trazar las l\u00edneas de investigaci\u00f3n que permitieron la obtenci\u00f3n y posterior ejecuci\u00f3n de una orden de aprehensi\u00f3n en contra de E.E.M.V. (expareja de la v\u00edctima), quien fue puesto a disposici\u00f3n de la autoridad ministerial correspondiente.<\/p>\n<p>En audiencia, y tras evaluar los datos de prueba aportados por la Fiscal\u00eda de Oaxaca, el Juez dict\u00f3 auto de vinculaci\u00f3n a proceso en contra de E.E.M.V., alias \u201cEl Cholo\u201d, adem\u00e1s de imponer la medida cautelar de prisi\u00f3n preventiva por su responsabilidad en el delito de feminicidio agravado, concediendo el plazo de dos meses para el cierre de la investigaci\u00f3n complementaria.<\/p>\n<p>Los trabajos de investigaci\u00f3n que realiza la Fiscal\u00eda de Oaxaca en torno a los delitos contra mujeres se efect\u00faan tomando en cuenta el g\u00e9nero de la v\u00edctima, para atender las particularidades del caso y garantizar el pleno acceso a la justicia.<\/p>\n<p><img fetchpriority=\"high\" decoding=\"async\" class=\"alignnone size-medium wp-image-7943\" src=\"https:\/\/portal.fgeo.gob.mx\/wp-content\/uploads\/2024\/12\/WhatsApp-Image-2024-12-16-at-8.44.04-PM-300x172.jpeg\" alt=\"\" width=\"300\" height=\"172\" \/><\/p>\n","protected":false},"author":2,"featured_media":7869,"comment_status":"closed","ping_status":"closed","template":"","tags":[],"categoria_noticias":[],"class_list":["post-16454","noticias","type-noticias","status-publish","has-post-thumbnail","hentry"],"acf":[],"mb":[],"mfb_rest_fields":["title","gutenberg_elementor_mode"],"_links":{"self":[{"href":"https:\/\/portal.fgeo.gob.mx\/index.php\/wp-json\/wp\/v2\/noticias\/16454","targetHints":{"allow":["GET"]}}],"collection":[{"href":"https:\/\/portal.fgeo.gob.mx\/index.php\/wp-json\/wp\/v2\/noticias"}],"about":[{"href":"https:\/\/portal.fgeo.gob.mx\/index.php\/wp-json\/wp\/v2\/types\/noticias"}],"author":[{"embeddable":true,"href":"https:\/\/portal.fgeo.gob.mx\/index.php\/wp-json\/wp\/v2\/users\/2"}],"replies":[{"embeddable":true,"href":"https:\/\/portal.fgeo.gob.mx\/index.php\/wp-json\/wp\/v2\/comments?post=16454"}],"wp:featuredmedia":[{"embeddable":true,"href":"https:\/\/portal.fgeo.gob.mx\/index.php\/wp-json\/"}],"wp:attachment":[{"href":"https:\/\/portal.fgeo.gob.mx\/index.php\/wp-json\/wp\/v2\/media?parent=16454"}],"wp:term":[{"taxonomy":"post_tag","embeddable":true,"href":"https:\/\/portal.fgeo.gob.mx\/index.php\/wp-json\/wp\/v2\/tags?post=16454"},{"taxonomy":"categoria_noticias","embeddable":true,"href":"https:\/\/portal.fgeo.gob.mx\/index.php\/wp-json\/wp\/v2\/categoria_noticias?post=16454"}],"curies":[{"name":"wp","href":"https:\/\/api.w.org\/{rel}","templated":true}]}}