{"id":16449,"date":"2024-12-15T16:10:16","date_gmt":"2024-12-15T22:10:16","guid":{"rendered":"https:\/\/fge.oaxaca.gob.mx\/?post_type=noticias&amp;p=7925"},"modified":"2024-12-15T16:10:16","modified_gmt":"2024-12-15T22:10:16","slug":"boletin-1128-fgeo-logra-vinculacion-a-proceso-y-prision-contra-un-hombre-por-violencia-familiar-cometida-en-agravio-de-su-tia-ocurrida-en-san-bartolo-coyotepec","status":"publish","type":"noticias","link":"https:\/\/portal.fgeo.gob.mx\/index.php\/archivos\/noticias\/boletin-1128-fgeo-logra-vinculacion-a-proceso-y-prision-contra-un-hombre-por-violencia-familiar-cometida-en-agravio-de-su-tia-ocurrida-en-san-bartolo-coyotepec","title":{"rendered":"BOLET\u00cdN 1128.- FGEO logra vinculaci\u00f3n a proceso y prisi\u00f3n contra un hombre por violencia familiar cometida en agravio de su t\u00eda, ocurrida en San Bartolo Coyotepec"},"content":{"rendered":"<p>Oaxaca de Ju\u00e1rez, Oax. 15 de diciembre de 2024.- La Fiscal\u00eda General del Estado de Oaxaca obtuvo la vinculaci\u00f3n a proceso y prisi\u00f3n en contra de una persona del sexo masculino identificada como J.A.C.D.C., por el delito de Violencia Familiar en su modalidad f\u00edsica y psicoemocional, hechos ocurridos en los Valles Centrales.<\/p>\n<p>De acuerdo con la carpeta de investigaci\u00f3n, los hechos ocurrieron el 25 de octubre de 2024, en un domicilio ubicado en la colonia Centro de San Bartolo Coyotepec, municipio conurbano a la capital de Oaxaca, lugar donde el imputado habr\u00eda ejercido violencia f\u00edsica y psicoemocional en contra de la v\u00edctima (que es su familiar) poniendo en peligro su integridad f\u00edsica y causando una afectaci\u00f3n psicol\u00f3gica.<\/p>\n<p>Ante estos hechos y, tras la solicitud de auxilio de la v\u00edctima que cont\u00f3 con el apoyo de la familia, la polic\u00eda municipal de San Bartolo Coyotepec intervino y logr\u00f3 la detenci\u00f3n del imputado, quien fue se\u00f1alado como la persona que ejerci\u00f3 violencia en contra de M.C.L., por lo que fue puesto a disposici\u00f3n del ministerio p\u00fablico.<\/p>\n<p>&nbsp;<\/p>\n<p>Ante estos hechos, la FGEO inici\u00f3 las investigaciones correspondientes a trav\u00e9s de la Fiscal\u00eda Especializada para la Atenci\u00f3n de Delitos contra la Mujer por Raz\u00f3n de G\u00e9nero de la Vicefiscal\u00eda Regional de Valles Centrales, logrando reunir los datos de prueba necesarios para acreditar el delito ante un Juez de Control.<\/p>\n<p>&nbsp;<\/p>\n<p>Tras la presentaci\u00f3n de dichos argumentos, la autoridad judicial llev\u00f3 a cabo la audiencia de control y al valorar los datos de prueba, calific\u00f3 como legal la detenci\u00f3n y posteriormente dict\u00f3 auto de vinculaci\u00f3n a proceso en contra de J.C.D.C., por el delito de violencia familiar en su modalidad f\u00edsica y psicoemocional, e impuso la medida cautelar de prisi\u00f3n preventiva justificada, adem\u00e1s de otorgar dos meses para el cierre de la investigaci\u00f3n complementaria.<\/p>\n<p>&nbsp;<\/p>\n<p>La Fiscal\u00eda de Oaxaca est\u00e1 comprometida con brindar investigaciones prontas, especialmente en materia del delito de violencia familiar, pues con esto busca garantizar a las v\u00edctimas procesos de procuraci\u00f3n de justicia eficientes.<\/p>\n","protected":false},"author":2,"featured_media":7869,"comment_status":"closed","ping_status":"closed","template":"","tags":[],"categoria_noticias":[],"class_list":["post-16449","noticias","type-noticias","status-publish","has-post-thumbnail","hentry"],"acf":[],"mb":[],"mfb_rest_fields":["title","gutenberg_elementor_mode"],"_links":{"self":[{"href":"https:\/\/portal.fgeo.gob.mx\/index.php\/wp-json\/wp\/v2\/noticias\/16449","targetHints":{"allow":["GET"]}}],"collection":[{"href":"https:\/\/portal.fgeo.gob.mx\/index.php\/wp-json\/wp\/v2\/noticias"}],"about":[{"href":"https:\/\/portal.fgeo.gob.mx\/index.php\/wp-json\/wp\/v2\/types\/noticias"}],"author":[{"embeddable":true,"href":"https:\/\/portal.fgeo.gob.mx\/index.php\/wp-json\/wp\/v2\/users\/2"}],"replies":[{"embeddable":true,"href":"https:\/\/portal.fgeo.gob.mx\/index.php\/wp-json\/wp\/v2\/comments?post=16449"}],"wp:featuredmedia":[{"embeddable":true,"href":"https:\/\/portal.fgeo.gob.mx\/index.php\/wp-json\/"}],"wp:attachment":[{"href":"https:\/\/portal.fgeo.gob.mx\/index.php\/wp-json\/wp\/v2\/media?parent=16449"}],"wp:term":[{"taxonomy":"post_tag","embeddable":true,"href":"https:\/\/portal.fgeo.gob.mx\/index.php\/wp-json\/wp\/v2\/tags?post=16449"},{"taxonomy":"categoria_noticias","embeddable":true,"href":"https:\/\/portal.fgeo.gob.mx\/index.php\/wp-json\/wp\/v2\/categoria_noticias?post=16449"}],"curies":[{"name":"wp","href":"https:\/\/api.w.org\/{rel}","templated":true}]}}