{"id":16448,"date":"2024-12-13T20:00:50","date_gmt":"2024-12-14T02:00:50","guid":{"rendered":"https:\/\/fge.oaxaca.gob.mx\/?post_type=noticias&amp;p=7913"},"modified":"2024-12-13T20:00:50","modified_gmt":"2024-12-14T02:00:50","slug":"boletin-1126-fiscalia-de-oaxaca-rinde-homenaje-a-defensora-de-los-derechos-humanos-y-nombra-auditorio-digna-ochoa","status":"publish","type":"noticias","link":"https:\/\/portal.fgeo.gob.mx\/index.php\/archivos\/noticias\/boletin-1126-fiscalia-de-oaxaca-rinde-homenaje-a-defensora-de-los-derechos-humanos-y-nombra-auditorio-digna-ochoa","title":{"rendered":"BOLET\u00cdN 1,126.- Fiscal\u00eda de Oaxaca rinde homenaje a defensora de los derechos humanos y nombra auditorio Digna Ochoa"},"content":{"rendered":"<p>Oaxaca de Ju\u00e1rez, Oax. 13 de diciembre de 2024.- En el marco del \u201cD\u00eda internacional de los Derechos Humanos\u201d, la Fiscal\u00eda del Estado de Oaxaca (FGEO) realiz\u00f3 la develaci\u00f3n de la placa que le da nombre al auditorio del Instituto de Formaci\u00f3n y Capacitaci\u00f3n Profesional, en memoria de la abogada y defensora de los derechos humanos Digna Ochoa.<\/p>\n<p>&nbsp;<\/p>\n<p>Durante el acto protocolario, el Fiscal General Bernardo Rodr\u00edguez Alamilla resalt\u00f3 que, Digna Ochoa fue una mujer que dedic\u00f3 su vida a defender a las v\u00edctimas de violaciones a derechos humanos, pues su trabajo en casos emblem\u00e1ticos en la defensa de presos pol\u00edticos, as\u00ed como personas desaparecidas, la convirti\u00f3 en un referente en la lucha por la justicia en M\u00e9xico.<\/p>\n<p>&nbsp;<\/p>\n<p>Acompa\u00f1ado por la directora de la Oficina de Gobernanza, Derechos Humanos y Seguridad Ciudadana de USAID M\u00e9xico, Emily Wann; la coordinadora para la Atenci\u00f3n de los Derechos Humanos del Poder Ejecutivo, Flor Estela Morales Hern\u00e1ndez y la asociada de Protecci\u00f3n de la Agencia de la ONU para los Refugiados, Carolina Reyes Rosi\u00f1ol, el Fiscal General Bernardo Rodr\u00edguez Alamilla\u00a0 se\u00f1al\u00f3 que, el asesinato de Digna Ochoa, lejos de silenciar su voz la convirti\u00f3 en un s\u00edmbolo de la resistencia y de la lucha por los derechos humanos.<\/p>\n<p>&nbsp;<\/p>\n<p>Ante ello, Rodr\u00edguez Alamilla indic\u00f3 que, esta acci\u00f3n permite reivindicar la memoria de Digna Ochoa y con ello, defender el derecho fundamental de defender los derechos humanos, pues \u201cal nombrar este auditorio en su honor honramos su legado y el de todas las personas que han luchado por los derechos humanos, por lo que este espacio servir\u00e1 como un recordatorio constante de la importancia de esa lucha y que nos inspire a seguir a todas y todos trabajando juntos para construir un mundo m\u00e1s justo y equitativo\u201d.<\/p>\n<p>&nbsp;<\/p>\n<p>Por su parte, la directora de la Oficina de Gobernanza, Derechos Humanos y Seguridad Ciudadana de USAID M\u00e9xico, Emily Wann, reconoci\u00f3 el compromiso del fiscal General, Bernardo Rodr\u00edguez Alamilla por impulsar acciones que facilitan el acceso a la justicia de las personas v\u00edctimas de violaciones a derechos humanos.<\/p>\n<p>&nbsp;<\/p>\n<p>Mientras que, la coordinadora para la Atenci\u00f3n de los Derechos Humanos del Poder Ejecutivo, Flor Estela Morales Hern\u00e1ndez resalt\u00f3 el trabajo coordinado con la Instituci\u00f3n procuradora de justicia, a favor de las v\u00edctimas, lo cual coadyuva en la construcci\u00f3n de un estado en el que los derechos humanos sean una garant\u00eda.<\/p>\n<p>&nbsp;<\/p>\n<p>Cabe mencionar que, este acto forma parte de las acciones de la Estrategia para el fortalecimiento de la Perspectiva de G\u00e9nero y el cierre de los 16 d\u00edas de activismo contra la Violencia hacia las mujeres y las ni\u00f1as.<\/p>\n<p>&nbsp;<\/p>\n<p>Finalmente, se realiz\u00f3 la Conferencia Magistral \u201cEl papel de las mujeres defensoras de los derechos humanos en el \u00e1mbito de la justicia\u201d, a cargo de la abogada feminista, mexicana y defensora de los derechos de las mujeres, Andrea Medina Rosas.<\/p>\n<p><img fetchpriority=\"high\" decoding=\"async\" class=\"alignnone size-medium wp-image-7914\" src=\"https:\/\/portal.fgeo.gob.mx\/wp-content\/uploads\/2024\/12\/WhatsApp-Image-2024-12-13-at-5.51.49-PM-3-300x200.jpeg\" alt=\"\" width=\"300\" height=\"200\" \/> <img decoding=\"async\" class=\"alignnone size-medium wp-image-7915\" src=\"https:\/\/portal.fgeo.gob.mx\/wp-content\/uploads\/2024\/12\/WhatsApp-Image-2024-12-13-at-5.51.49-PM-2-300x200.jpeg\" alt=\"\" width=\"300\" height=\"200\" \/> <img decoding=\"async\" class=\"alignnone size-medium wp-image-7916\" src=\"https:\/\/portal.fgeo.gob.mx\/wp-content\/uploads\/2024\/12\/WhatsApp-Image-2024-12-13-at-5.51.49-PM-1-300x200.jpeg\" alt=\"\" width=\"300\" height=\"200\" \/> <img loading=\"lazy\" decoding=\"async\" class=\"alignnone size-medium wp-image-7917\" src=\"https:\/\/portal.fgeo.gob.mx\/wp-content\/uploads\/2024\/12\/WhatsApp-Image-2024-12-13-at-5.51.49-PM-300x200.jpeg\" alt=\"\" width=\"300\" height=\"200\" \/> <img loading=\"lazy\" decoding=\"async\" class=\"alignnone size-medium wp-image-7918\" src=\"https:\/\/portal.fgeo.gob.mx\/wp-content\/uploads\/2024\/12\/WhatsApp-Image-2024-12-13-at-5.51.48-PM-3-300x200.jpeg\" alt=\"\" width=\"300\" height=\"200\" \/> <img loading=\"lazy\" decoding=\"async\" class=\"alignnone size-medium wp-image-7919\" src=\"https:\/\/portal.fgeo.gob.mx\/wp-content\/uploads\/2024\/12\/WhatsApp-Image-2024-12-13-at-5.51.48-PM-2-300x200.jpeg\" alt=\"\" width=\"300\" height=\"200\" \/> <img loading=\"lazy\" decoding=\"async\" class=\"alignnone size-medium wp-image-7920\" src=\"https:\/\/portal.fgeo.gob.mx\/wp-content\/uploads\/2024\/12\/WhatsApp-Image-2024-12-13-at-5.51.48-PM-1-300x218.jpeg\" alt=\"\" width=\"300\" height=\"218\" \/> <img loading=\"lazy\" decoding=\"async\" class=\"alignnone size-medium wp-image-7921\" src=\"https:\/\/portal.fgeo.gob.mx\/wp-content\/uploads\/2024\/12\/WhatsApp-Image-2024-12-13-at-5.51.48-PM-300x200.jpeg\" alt=\"\" width=\"300\" height=\"200\" \/><\/p>\n","protected":false},"author":2,"featured_media":7869,"comment_status":"closed","ping_status":"closed","template":"","tags":[],"categoria_noticias":[],"class_list":["post-16448","noticias","type-noticias","status-publish","has-post-thumbnail","hentry"],"acf":[],"mb":[],"mfb_rest_fields":["title","gutenberg_elementor_mode"],"_links":{"self":[{"href":"https:\/\/portal.fgeo.gob.mx\/index.php\/wp-json\/wp\/v2\/noticias\/16448","targetHints":{"allow":["GET"]}}],"collection":[{"href":"https:\/\/portal.fgeo.gob.mx\/index.php\/wp-json\/wp\/v2\/noticias"}],"about":[{"href":"https:\/\/portal.fgeo.gob.mx\/index.php\/wp-json\/wp\/v2\/types\/noticias"}],"author":[{"embeddable":true,"href":"https:\/\/portal.fgeo.gob.mx\/index.php\/wp-json\/wp\/v2\/users\/2"}],"replies":[{"embeddable":true,"href":"https:\/\/portal.fgeo.gob.mx\/index.php\/wp-json\/wp\/v2\/comments?post=16448"}],"wp:featuredmedia":[{"embeddable":true,"href":"https:\/\/portal.fgeo.gob.mx\/index.php\/wp-json\/"}],"wp:attachment":[{"href":"https:\/\/portal.fgeo.gob.mx\/index.php\/wp-json\/wp\/v2\/media?parent=16448"}],"wp:term":[{"taxonomy":"post_tag","embeddable":true,"href":"https:\/\/portal.fgeo.gob.mx\/index.php\/wp-json\/wp\/v2\/tags?post=16448"},{"taxonomy":"categoria_noticias","embeddable":true,"href":"https:\/\/portal.fgeo.gob.mx\/index.php\/wp-json\/wp\/v2\/categoria_noticias?post=16448"}],"curies":[{"name":"wp","href":"https:\/\/api.w.org\/{rel}","templated":true}]}}