{"id":16447,"date":"2024-12-13T13:24:08","date_gmt":"2024-12-13T19:24:08","guid":{"rendered":"https:\/\/fge.oaxaca.gob.mx\/?post_type=noticias&amp;p=7908"},"modified":"2024-12-13T13:24:08","modified_gmt":"2024-12-13T19:24:08","slug":"boletin-1124-fgeo-logra-vinculacion-a-proceso-y-obtiene-prision-contra-imputado-por-el-delito-de-robo-cometido-en-la-region-de-la-costa","status":"publish","type":"noticias","link":"https:\/\/portal.fgeo.gob.mx\/index.php\/archivos\/noticias\/boletin-1124-fgeo-logra-vinculacion-a-proceso-y-obtiene-prision-contra-imputado-por-el-delito-de-robo-cometido-en-la-region-de-la-costa","title":{"rendered":"BOLET\u00cdN 1,124.- FGEO logra vinculaci\u00f3n a proceso y obtiene prisi\u00f3n contra imputado por el delito de robo cometido en la regi\u00f3n de la Costa"},"content":{"rendered":"<p>Oaxaca de Ju\u00e1rez, Oax. 13 de diciembre de 2024.- La Fiscal\u00eda General del Estado de Oaxaca (FGEO), obtuvo auto de vinculaci\u00f3n a proceso y prisi\u00f3n preventiva en contra de una persona del sexo masculino de origen venezolano identificado como L.B., o L.A.M.V. o L.AV.M., imputado por el delito de robo con violencia por equiparaci\u00f3n, en perjuicio patrimonial de R.G.B., cometido en la regi\u00f3n de la Costa.<\/p>\n<p>De acuerdo a la causa penal, los hechos ocurrieron el 14 de octubre de 2024, cuando el responsable fue captado saliendo por la ventana de un domicilio particular ubicado en el fraccionamiento Granjas del Pescador en Puerto Escondido, de donde sustrajeron dinero en efectivo.<\/p>\n<p>Una vez que la Fiscal\u00eda de Oaxaca tom\u00f3 conocimiento del caso, inici\u00f3 las investigaciones a trav\u00e9s de la Vicefiscal\u00eda Regional de la Costa, logrando obtener una orden de aprehensi\u00f3n y posteriormente detenci\u00f3n contra el imputado, mismo que fue presentado ante el juzgado correspondiente para su proceso legal.<\/p>\n<p>Durante el desahogo de audiencia y despu\u00e9s de valorar los datos de prueba aportados por la FGEO, el Juez de control inici\u00f3 juicio contra el imputado, logrando emitir auto de vinculaci\u00f3n a proceso y prisi\u00f3n preventiva justificada otorgando dos meses para la investigaci\u00f3n complementaria.<\/p>\n<p>Las labores de investigaci\u00f3n que realiza la Fiscal\u00eda de Oaxaca son parte de la estrategia para combatir directamente la comisi\u00f3n de delitos, a fin de garantizar la seguridad p\u00fablica a favor de la ciudadan\u00eda.<\/p>\n<figure id=\"attachment_7909\" aria-describedby=\"caption-attachment-7909\" style=\"width: 300px\" class=\"wp-caption alignnone\"><img fetchpriority=\"high\" decoding=\"async\" class=\"size-medium wp-image-7909\" src=\"https:\/\/portal.fgeo.gob.mx\/wp-content\/uploads\/2024\/12\/Dise%C3%B1o-sin-t%C3%ADtulo-7-300x213.jpg\" alt=\"\" width=\"300\" height=\"213\" \/><figcaption id=\"caption-attachment-7909\" class=\"wp-caption-text\">Dise\u00f1o sin t\u00edtulo &#8211; 1<\/figcaption><\/figure>\n","protected":false},"author":2,"featured_media":7869,"comment_status":"closed","ping_status":"closed","template":"","tags":[],"categoria_noticias":[],"class_list":["post-16447","noticias","type-noticias","status-publish","has-post-thumbnail","hentry"],"acf":[],"mb":[],"mfb_rest_fields":["title","gutenberg_elementor_mode"],"_links":{"self":[{"href":"https:\/\/portal.fgeo.gob.mx\/index.php\/wp-json\/wp\/v2\/noticias\/16447","targetHints":{"allow":["GET"]}}],"collection":[{"href":"https:\/\/portal.fgeo.gob.mx\/index.php\/wp-json\/wp\/v2\/noticias"}],"about":[{"href":"https:\/\/portal.fgeo.gob.mx\/index.php\/wp-json\/wp\/v2\/types\/noticias"}],"author":[{"embeddable":true,"href":"https:\/\/portal.fgeo.gob.mx\/index.php\/wp-json\/wp\/v2\/users\/2"}],"replies":[{"embeddable":true,"href":"https:\/\/portal.fgeo.gob.mx\/index.php\/wp-json\/wp\/v2\/comments?post=16447"}],"wp:featuredmedia":[{"embeddable":true,"href":"https:\/\/portal.fgeo.gob.mx\/index.php\/wp-json\/"}],"wp:attachment":[{"href":"https:\/\/portal.fgeo.gob.mx\/index.php\/wp-json\/wp\/v2\/media?parent=16447"}],"wp:term":[{"taxonomy":"post_tag","embeddable":true,"href":"https:\/\/portal.fgeo.gob.mx\/index.php\/wp-json\/wp\/v2\/tags?post=16447"},{"taxonomy":"categoria_noticias","embeddable":true,"href":"https:\/\/portal.fgeo.gob.mx\/index.php\/wp-json\/wp\/v2\/categoria_noticias?post=16447"}],"curies":[{"name":"wp","href":"https:\/\/api.w.org\/{rel}","templated":true}]}}