{"id":16446,"date":"2024-12-13T11:12:13","date_gmt":"2024-12-13T17:12:13","guid":{"rendered":"https:\/\/fge.oaxaca.gob.mx\/?post_type=noticias&amp;p=7907"},"modified":"2024-12-13T11:12:13","modified_gmt":"2024-12-13T17:12:13","slug":"boletin-1123-fiscalia-de-oaxaca-obtiene-vinculacion-a-proceso-y-prision-preventiva-contra-imputado-por-el-delito-de-feminicidio-cometido-en-la-mixteca","status":"publish","type":"noticias","link":"https:\/\/portal.fgeo.gob.mx\/index.php\/archivos\/noticias\/boletin-1123-fiscalia-de-oaxaca-obtiene-vinculacion-a-proceso-y-prision-preventiva-contra-imputado-por-el-delito-de-feminicidio-cometido-en-la-mixteca","title":{"rendered":"BOLET\u00cdN 1,123.- Fiscal\u00eda de Oaxaca obtiene vinculaci\u00f3n a proceso y prisi\u00f3n preventiva contra imputado por el delito de feminicidio cometido en la Mixteca"},"content":{"rendered":"<p>Oaxaca de Ju\u00e1rez, Oax. 13 de diciembre de 2024.- La aplicaci\u00f3n del Protocolo de Actuaci\u00f3n Ministerial, Pericial y Policial en el Delito de Feminicidio, permiti\u00f3 que la Fiscal\u00eda General del Estado de Oaxaca (FGEO) obtuviera auto de vinculaci\u00f3n a proceso y prisi\u00f3n preventiva contra una persona del sexo masculino identificada como P.G.C., imputado por el delito de feminicidio agravado cometido en la regi\u00f3n de la Mixteca.<\/p>\n<p>&nbsp;<\/p>\n<p>De acuerdo con la carpeta de investigaci\u00f3n, los hechos ocurrieron el 25 de noviembre de 2024, cuando la v\u00edctima, una mujer identificada por las iniciales A.G.L., se encontraba al interior de un domicilio ubicado en la poblaci\u00f3n de Guadalupe Ca\u00f1ada de Lobo, perteneciente al municipio de San Sebasti\u00e1n Tecomaxtlahuaca, lugar donde fue agredida, sufriendo lesiones a consecuencia de las cuales perdi\u00f3 la vida.<\/p>\n<p>&nbsp;<\/p>\n<p>Al tomar conocimiento del caso, la FGEO inici\u00f3 las investigaciones correspondientes a trav\u00e9s de la Vicefiscal\u00eda Regional de la Mixteca, las cuales permitieron aprehender a Pedro G.C., y presentarlo ante el Juez que atiende la causa.<\/p>\n<p>&nbsp;<\/p>\n<p>Luego de la primera audiencia y, gracias a las investigaciones iniciales realizadas por la FGEO a trav\u00e9s de la Vicefiscal\u00eda Regional de la Mixteca, el Juez que atiende la causa comunic\u00f3 la imputaci\u00f3n y posteriormente dict\u00f3 vinculaci\u00f3n a proceso e impuso la medida cautelar de prisi\u00f3n preventiva justificada por el delito de feminicidio agravado, concediendo el plazo de tres meses para el cierre de investigaci\u00f3n complementaria.<\/p>\n<p>&nbsp;<\/p>\n<p>La Fiscal\u00eda General del Estado de Oaxaca est\u00e1 comprometida con presentar ante la ley a quien o quienes resulten responsables, especialmente en los casos relacionados con delitos cometidos contra las mujeres, por ello, se llevan a cabo investigaciones integrales y con perspectiva de g\u00e9nero que garanticen a las v\u00edctimas un adecuado proceso de procuraci\u00f3n de justicia.<\/p>\n","protected":false},"author":2,"featured_media":7869,"comment_status":"closed","ping_status":"closed","template":"","tags":[],"categoria_noticias":[],"class_list":["post-16446","noticias","type-noticias","status-publish","has-post-thumbnail","hentry"],"acf":[],"mb":[],"mfb_rest_fields":["title","gutenberg_elementor_mode"],"_links":{"self":[{"href":"https:\/\/portal.fgeo.gob.mx\/index.php\/wp-json\/wp\/v2\/noticias\/16446","targetHints":{"allow":["GET"]}}],"collection":[{"href":"https:\/\/portal.fgeo.gob.mx\/index.php\/wp-json\/wp\/v2\/noticias"}],"about":[{"href":"https:\/\/portal.fgeo.gob.mx\/index.php\/wp-json\/wp\/v2\/types\/noticias"}],"author":[{"embeddable":true,"href":"https:\/\/portal.fgeo.gob.mx\/index.php\/wp-json\/wp\/v2\/users\/2"}],"replies":[{"embeddable":true,"href":"https:\/\/portal.fgeo.gob.mx\/index.php\/wp-json\/wp\/v2\/comments?post=16446"}],"wp:featuredmedia":[{"embeddable":true,"href":"https:\/\/portal.fgeo.gob.mx\/index.php\/wp-json\/"}],"wp:attachment":[{"href":"https:\/\/portal.fgeo.gob.mx\/index.php\/wp-json\/wp\/v2\/media?parent=16446"}],"wp:term":[{"taxonomy":"post_tag","embeddable":true,"href":"https:\/\/portal.fgeo.gob.mx\/index.php\/wp-json\/wp\/v2\/tags?post=16446"},{"taxonomy":"categoria_noticias","embeddable":true,"href":"https:\/\/portal.fgeo.gob.mx\/index.php\/wp-json\/wp\/v2\/categoria_noticias?post=16446"}],"curies":[{"name":"wp","href":"https:\/\/api.w.org\/{rel}","templated":true}]}}