{"id":16445,"date":"2024-12-11T15:30:52","date_gmt":"2024-12-11T21:30:52","guid":{"rendered":"https:\/\/fge.oaxaca.gob.mx\/?post_type=noticias&amp;p=7893"},"modified":"2024-12-11T15:30:52","modified_gmt":"2024-12-11T21:30:52","slug":"boletin-1119-fiscalia-de-oaxaca-aprehende-y-vincula-a-proceso-a-dos-personas-por-tentativa-de-homicidio-cometidos-en-diferentes-regiones","status":"publish","type":"noticias","link":"https:\/\/portal.fgeo.gob.mx\/index.php\/archivos\/noticias\/boletin-1119-fiscalia-de-oaxaca-aprehende-y-vincula-a-proceso-a-dos-personas-por-tentativa-de-homicidio-cometidos-en-diferentes-regiones","title":{"rendered":"BOLET\u00cdN 1,119.-Fiscal\u00eda de Oaxaca aprehende y vincula a proceso a dos personas por tentativa de homicidio cometidos en diferentes regiones"},"content":{"rendered":"<p>Oaxaca de Ju\u00e1rez, Oax. 11 de diciembre de 2024.- La Fiscal\u00eda General del Estado de Oaxaca (FGEO) ejecut\u00f3 una orden de aprehensi\u00f3n y obtuvo auto de vinculaci\u00f3n a proceso en contra de dos personas del sexo masculino identificadas como J.L.G.G., y J.R.E., por el delito de tentativa de homicidio, cometidos en distintos hechos en las regiones de la Mixteca e Istmo.<\/p>\n<p>La orden de aprehensi\u00f3n en contra de J.L.G.G. se ejecut\u00f3 en calles de la poblaci\u00f3n del Progreso, perteneciente al municipio de Guevea de Humboldt cuando elementos de la Agencia Estatal de Investigaciones (AEI) de la Vicefiscal\u00eda Regional del Istmo implementaban un operativo de b\u00fasqueda y localizaci\u00f3n del hoy detenido por el delito de tentativa de homicidio con ventaja, lesiones y da\u00f1os, en agravio de dos personas, una mujer y un hombre.<\/p>\n<p>De acuerdo con el expediente penal, la detenci\u00f3n de J.L.G.G. deriva de hechos ocurridos en julio de 2024, en la localidad de Santa Isabel de la Reforma, perteneciente al municipio de Santo Domingo Tehuantepec, cuando las v\u00edctimas identificadas como G.P.F. y M.M.V., fueron agredidos con una arma corto-contundente (machete) ocasionandoles diversas lesiones de gravedad en el cuerpo.<\/p>\n<p>Mientras que, en el caso de J.R.E., la Fiscal\u00eda General de Oaxaca logr\u00f3 vincularlo a proceso gracias a las investigaciones realizadas por la Vicefiscal\u00eda Regional de la Mixteca.<\/p>\n<p>Los hechos ocurrieron el 05 de diciembre de 2024, cuando el imputado presumiblemente atac\u00f3 con un arma corto-contundente (machete) a la v\u00edctima R. O. G. en inmediaciones del municipio de Constancia del Rosario perteneciente al distrito de Putla Villa de Guerrero.<\/p>\n<p>Por estos hechos y derivado de las pruebas aportadas por la FGEO, el juez de la causa dict\u00f3 auto de vinculaci\u00f3n a proceso por el delito de tentativa de homicidio en agravio de un R.O.G., e impuso la medida cautelar de prisi\u00f3n preventiva justificada, concediendo un plazo de dos meses para el cierre de la investigaci\u00f3n complementaria.<\/p>\n<p>Mientras que el detenido fue puesto a disposici\u00f3n de las autoridades que lo requirieron para su proceso legal correspondiente.<\/p>\n<p>La Fiscal\u00eda de Oaxaca garantiza investigaciones exhaustivas para esclarecer delitos, aplicando las herramientas legales para castigar a quien o quienes resulten responsables.<\/p>\n<p><img fetchpriority=\"high\" decoding=\"async\" class=\"alignnone size-medium wp-image-7894\" src=\"https:\/\/portal.fgeo.gob.mx\/wp-content\/uploads\/2024\/12\/WhatsApp-Image-2024-12-11-at-3.15.53-PM-1-240x300.jpeg\" alt=\"\" width=\"240\" height=\"300\" \/> <img decoding=\"async\" class=\"alignnone size-medium wp-image-7895\" src=\"https:\/\/portal.fgeo.gob.mx\/wp-content\/uploads\/2024\/12\/WhatsApp-Image-2024-12-11-at-3.15.53-PM-300x240.jpeg\" alt=\"\" width=\"300\" height=\"240\" \/><\/p>\n","protected":false},"author":2,"featured_media":7869,"comment_status":"closed","ping_status":"closed","template":"","tags":[],"categoria_noticias":[],"class_list":["post-16445","noticias","type-noticias","status-publish","has-post-thumbnail","hentry"],"acf":[],"mb":[],"mfb_rest_fields":["title","gutenberg_elementor_mode"],"_links":{"self":[{"href":"https:\/\/portal.fgeo.gob.mx\/index.php\/wp-json\/wp\/v2\/noticias\/16445","targetHints":{"allow":["GET"]}}],"collection":[{"href":"https:\/\/portal.fgeo.gob.mx\/index.php\/wp-json\/wp\/v2\/noticias"}],"about":[{"href":"https:\/\/portal.fgeo.gob.mx\/index.php\/wp-json\/wp\/v2\/types\/noticias"}],"author":[{"embeddable":true,"href":"https:\/\/portal.fgeo.gob.mx\/index.php\/wp-json\/wp\/v2\/users\/2"}],"replies":[{"embeddable":true,"href":"https:\/\/portal.fgeo.gob.mx\/index.php\/wp-json\/wp\/v2\/comments?post=16445"}],"wp:featuredmedia":[{"embeddable":true,"href":"https:\/\/portal.fgeo.gob.mx\/index.php\/wp-json\/"}],"wp:attachment":[{"href":"https:\/\/portal.fgeo.gob.mx\/index.php\/wp-json\/wp\/v2\/media?parent=16445"}],"wp:term":[{"taxonomy":"post_tag","embeddable":true,"href":"https:\/\/portal.fgeo.gob.mx\/index.php\/wp-json\/wp\/v2\/tags?post=16445"},{"taxonomy":"categoria_noticias","embeddable":true,"href":"https:\/\/portal.fgeo.gob.mx\/index.php\/wp-json\/wp\/v2\/categoria_noticias?post=16445"}],"curies":[{"name":"wp","href":"https:\/\/api.w.org\/{rel}","templated":true}]}}