{"id":16444,"date":"2024-12-11T18:00:49","date_gmt":"2024-12-12T00:00:49","guid":{"rendered":"https:\/\/fge.oaxaca.gob.mx\/?post_type=noticias&amp;p=7891"},"modified":"2024-12-11T18:00:49","modified_gmt":"2024-12-12T00:00:49","slug":"boletin-1119-colabora-fgeo-con-la-onu-en-construccion-del-libro-buenas-practicas-y-desafios-en-la-investigacion-de-delitos-cometidos-contra-personas-defensoras-de-derechos-humanos-y-period","status":"publish","type":"noticias","link":"https:\/\/portal.fgeo.gob.mx\/index.php\/archivos\/noticias\/boletin-1119-colabora-fgeo-con-la-onu-en-construccion-del-libro-buenas-practicas-y-desafios-en-la-investigacion-de-delitos-cometidos-contra-personas-defensoras-de-derechos-humanos-y-period","title":{"rendered":"BOLET\u00cdN 1,120.- Colabora FGEO con la ONU en construcci\u00f3n del libro \u201cBuenas Pr\u00e1cticas y Desaf\u00edos en la Investigaci\u00f3n de Delitos Cometidos contra Personas Defensoras de Derechos Humanos y Periodistas\u201d"},"content":{"rendered":"<p>Oaxaca de Ju\u00e1rez, Oax. 11 de diciembre de 2024.- Durante la presentaci\u00f3n del libro \u201cBuenas Pr\u00e1cticas y Desaf\u00edos en la Investigaci\u00f3n de Delitos Cometidos contra Personas Defensoras de Derechos Humanos y Periodistas\u201d, el Fiscal de Oaxaca, Bernardo Rodr\u00edguez Alamilla resalt\u00f3 la importancia de las colaboraciones con organismos internacionales de derechos humanos para coadyuvar en la transformaci\u00f3n de las pr\u00e1cticas de las y los operadores de justicia para que su actividad cotidiana sea m\u00e1s eficiente a favor de las v\u00edctimas con el objetivo que accedan a una procuraci\u00f3n de justicia integral con enfoque de derechos humanos.<\/p>\n<p>En la presentaci\u00f3n del libro, realizada en la sala audiovisual del Palacio de Gobierno del Estado de Oaxaca, estuvieron presentes la Coordinadora para la Atenci\u00f3n a los Derechos Humanos, Flor Estela Morales; el representante adjunto del Alto Comisionado para los Derechos Humanos de la Organizaci\u00f3n de las Naciones, Unidas Jes\u00fas Pe\u00f1a Palacios, as\u00ed como la coordinadora de la organizaci\u00f3n C\u00f3digo DH Gobixha, Sara M\u00e9ndez Morales, adem\u00e1s del periodista y fundador del proyecto de periodismo digital P\u00e1gina3, Pedro Mat\u00edas Arrazola.<\/p>\n<p>El Fiscal Bernardo Rodr\u00edguez explic\u00f3 que, a ra\u00edz de la colaboraci\u00f3n con organismos internacionales e integrantes de sociedad civil, en la Fiscal\u00eda General del Estado de Oaxaca se desarrollan una serie de herramientas enfocadas a mejorar los procesos de investigaci\u00f3n, especialmente en casos de personas defensoras de derechos humanos y periodistas, ya que ambas actividades son claves para la vida democr\u00e1tica de la sociedad.<\/p>\n<p>El libro \u201cBuenas Pr\u00e1cticas y Desaf\u00edos en la Investigaci\u00f3n de Delitos Cometidos contra Personas Defensoras de Derechos Humanos y Periodistas\u201d, es un compendio en el que a trav\u00e9s de casos paradigm\u00e1ticos se analizan detalladamente las actividades de investigaci\u00f3n y procesales de delitos cometidos en contra de personas defensoras de derechos humanos y periodistas, el cual fue desarrollado con la colaboraci\u00f3n de la Organizaci\u00f3n de las Naciones Unidas.<\/p>\n<p><img fetchpriority=\"high\" decoding=\"async\" class=\"alignnone size-medium wp-image-7896\" src=\"https:\/\/portal.fgeo.gob.mx\/wp-content\/uploads\/2024\/12\/WhatsApp-Image-2024-12-11-at-1.14.01-PM-1-300x200.jpeg\" alt=\"\" width=\"300\" height=\"200\" \/> <img decoding=\"async\" class=\"alignnone size-medium wp-image-7897\" src=\"https:\/\/portal.fgeo.gob.mx\/wp-content\/uploads\/2024\/12\/WhatsApp-Image-2024-12-11-at-2.46.49-PM-300x200.jpeg\" alt=\"\" width=\"300\" height=\"200\" \/> <img decoding=\"async\" class=\"alignnone size-medium wp-image-7898\" src=\"https:\/\/portal.fgeo.gob.mx\/wp-content\/uploads\/2024\/12\/WhatsApp-Image-2024-12-11-at-2.46.48-PM-300x176.jpeg\" alt=\"\" width=\"300\" height=\"176\" \/><\/p>\n","protected":false},"author":2,"featured_media":7869,"comment_status":"closed","ping_status":"closed","template":"","tags":[],"categoria_noticias":[],"class_list":["post-16444","noticias","type-noticias","status-publish","has-post-thumbnail","hentry"],"acf":[],"mb":[],"mfb_rest_fields":["title","gutenberg_elementor_mode"],"_links":{"self":[{"href":"https:\/\/portal.fgeo.gob.mx\/index.php\/wp-json\/wp\/v2\/noticias\/16444","targetHints":{"allow":["GET"]}}],"collection":[{"href":"https:\/\/portal.fgeo.gob.mx\/index.php\/wp-json\/wp\/v2\/noticias"}],"about":[{"href":"https:\/\/portal.fgeo.gob.mx\/index.php\/wp-json\/wp\/v2\/types\/noticias"}],"author":[{"embeddable":true,"href":"https:\/\/portal.fgeo.gob.mx\/index.php\/wp-json\/wp\/v2\/users\/2"}],"replies":[{"embeddable":true,"href":"https:\/\/portal.fgeo.gob.mx\/index.php\/wp-json\/wp\/v2\/comments?post=16444"}],"wp:featuredmedia":[{"embeddable":true,"href":"https:\/\/portal.fgeo.gob.mx\/index.php\/wp-json\/"}],"wp:attachment":[{"href":"https:\/\/portal.fgeo.gob.mx\/index.php\/wp-json\/wp\/v2\/media?parent=16444"}],"wp:term":[{"taxonomy":"post_tag","embeddable":true,"href":"https:\/\/portal.fgeo.gob.mx\/index.php\/wp-json\/wp\/v2\/tags?post=16444"},{"taxonomy":"categoria_noticias","embeddable":true,"href":"https:\/\/portal.fgeo.gob.mx\/index.php\/wp-json\/wp\/v2\/categoria_noticias?post=16444"}],"curies":[{"name":"wp","href":"https:\/\/api.w.org\/{rel}","templated":true}]}}