{"id":16442,"date":"2024-12-09T18:09:36","date_gmt":"2024-12-10T00:09:36","guid":{"rendered":"https:\/\/fge.oaxaca.gob.mx\/?post_type=noticias&amp;p=7873"},"modified":"2024-12-09T18:09:36","modified_gmt":"2024-12-10T00:09:36","slug":"boletin-1112-fiscalia-de-oaxaca-localiza-a-activista-reportado-como-no-localizado-en-la-region-de-los-valles-centrales","status":"publish","type":"noticias","link":"https:\/\/portal.fgeo.gob.mx\/index.php\/archivos\/noticias\/boletin-1112-fiscalia-de-oaxaca-localiza-a-activista-reportado-como-no-localizado-en-la-region-de-los-valles-centrales","title":{"rendered":"BOLET\u00cdN 1,112.-Fiscal\u00eda de Oaxaca localiza a activista reportado como No Localizado, en la regi\u00f3n de los Valles Centrales"},"content":{"rendered":"<p>Oaxaca de Ju\u00e1rez, Oax. 09 de diciembre de 2024.- La aplicaci\u00f3n de protocolos de investigaci\u00f3n que realiza la Fiscal\u00eda General del Estado de Oaxaca (FGEO) hicieron posible dar con el paradero de una persona del sexo masculino identificado como R.R.C.H., quien estaba reportado como No Localizado, hechos que sucedieron en la regi\u00f3n de los Valles Centrales.<\/p>\n<p>De acuerdo con la denuncia realizada el 31 de octubre de 2024, por los familiares, R.R.C.H. fue visto por \u00faltima vez el 22 de septiembre de 2024, en el municipio de Santa Rosa Panzacola.<\/p>\n<p>Ante la denuncia por ausencia, se activaron los protocolos de actuaci\u00f3n en la investigaci\u00f3n y b\u00fasqueda de personas desaparecidas y no localizadas, por parte de la Unidad de B\u00fasqueda de Personas No Localizadas, de la Vicefiscal\u00eda General de Atenci\u00f3n a V\u00edctimas y a la Sociedad, lo cual permiti\u00f3 trazar las l\u00edneas de investigaci\u00f3n que llevaron a su localizaci\u00f3n.<\/p>\n<p>La Instituci\u00f3n procuradora de justicia detall\u00f3 que R.R.C.H. fue localizado por el Grupo de B\u00fasqueda de la Agencia Estatal de Investigaciones, el 8 de diciembre de 2024, en el municipio de Santa Luc\u00eda del Camino.<\/p>\n<p>Luego de dar con su paradero, fue presentado para su declaraci\u00f3n ministerial y posterior restituci\u00f3n con sus familiares.<\/p>\n<p>La denuncia es parte prioritaria y fundamental dentro de los procesos de investigaci\u00f3n y b\u00fasqueda de personas no localizadas que efect\u00faa la Fiscal\u00eda General del Justicia del Estado de Oaxaca, a trav\u00e9s de las \u00e1reas especializadas.<\/p>\n<p><img fetchpriority=\"high\" decoding=\"async\" class=\"alignnone size-medium wp-image-7874\" src=\"https:\/\/portal.fgeo.gob.mx\/wp-content\/uploads\/2024\/12\/WhatsApp-Image-2024-12-09-at-2.20.44-PM-182x300.jpeg\" alt=\"\" width=\"182\" height=\"300\" \/><\/p>\n","protected":false},"author":2,"featured_media":7869,"comment_status":"closed","ping_status":"closed","template":"","tags":[],"categoria_noticias":[],"class_list":["post-16442","noticias","type-noticias","status-publish","has-post-thumbnail","hentry"],"acf":[],"mb":[],"mfb_rest_fields":["title","gutenberg_elementor_mode"],"_links":{"self":[{"href":"https:\/\/portal.fgeo.gob.mx\/index.php\/wp-json\/wp\/v2\/noticias\/16442","targetHints":{"allow":["GET"]}}],"collection":[{"href":"https:\/\/portal.fgeo.gob.mx\/index.php\/wp-json\/wp\/v2\/noticias"}],"about":[{"href":"https:\/\/portal.fgeo.gob.mx\/index.php\/wp-json\/wp\/v2\/types\/noticias"}],"author":[{"embeddable":true,"href":"https:\/\/portal.fgeo.gob.mx\/index.php\/wp-json\/wp\/v2\/users\/2"}],"replies":[{"embeddable":true,"href":"https:\/\/portal.fgeo.gob.mx\/index.php\/wp-json\/wp\/v2\/comments?post=16442"}],"wp:featuredmedia":[{"embeddable":true,"href":"https:\/\/portal.fgeo.gob.mx\/index.php\/wp-json\/"}],"wp:attachment":[{"href":"https:\/\/portal.fgeo.gob.mx\/index.php\/wp-json\/wp\/v2\/media?parent=16442"}],"wp:term":[{"taxonomy":"post_tag","embeddable":true,"href":"https:\/\/portal.fgeo.gob.mx\/index.php\/wp-json\/wp\/v2\/tags?post=16442"},{"taxonomy":"categoria_noticias","embeddable":true,"href":"https:\/\/portal.fgeo.gob.mx\/index.php\/wp-json\/wp\/v2\/categoria_noticias?post=16442"}],"curies":[{"name":"wp","href":"https:\/\/api.w.org\/{rel}","templated":true}]}}