{"id":16441,"date":"2024-12-09T12:33:19","date_gmt":"2024-12-09T18:33:19","guid":{"rendered":"https:\/\/fge.oaxaca.gob.mx\/?post_type=noticias&amp;p=7872"},"modified":"2024-12-09T12:33:19","modified_gmt":"2024-12-09T18:33:19","slug":"boletin-1111-por-incumplimiento-de-obligaciones-alimentarias-con-su-hijo-fgeo-obtiene-sentencia-condenatoria-de-cuatro-anos-de-prision","status":"publish","type":"noticias","link":"https:\/\/portal.fgeo.gob.mx\/index.php\/archivos\/noticias\/boletin-1111-por-incumplimiento-de-obligaciones-alimentarias-con-su-hijo-fgeo-obtiene-sentencia-condenatoria-de-cuatro-anos-de-prision","title":{"rendered":"BOLET\u00cdN 1,111.- Por incumplimiento de obligaciones alimentarias con su hijo, FGEO obtiene sentencia condenatoria de cuatro a\u00f1os de prisi\u00f3n"},"content":{"rendered":"<p>Oaxaca de Ju\u00e1rez, Oax. 09 de diciembre de 2024.- La Fiscal\u00eda General del Estado de Oaxaca (FGEO) obtuvo una sentencia condenatoria de cuatro a\u00f1os y seis meses de prisi\u00f3n en contra de una persona del sexo masculino identificada como Benjam\u00edn V.G., responsable del delito de Incumplimiento de Obligaciones Alimentarias.<\/p>\n<p>De acuerdo con el expediente penal del caso, el hoy sentenciado incumpli\u00f3 con las obligaciones impuestas por un Juez Familiar, quien fij\u00f3 desde el 7 de marzo de 2019 el pago de pensi\u00f3n alimentaria a favor de su hijo (menor de edad cuya identidad est\u00e1 reservada por ley).<\/p>\n<p>La investigaci\u00f3n revela que, fue hasta el 04 de octubre de 2019, cuando en audiencia de car\u00e1cter familiar el imputado fue requerido por la autoridad judicial para que procediera a dar el cumplimiento del pago a la pensi\u00f3n alimentaria provisional ya que \u00fanicamente hab\u00eda realizado un pago con una cantidad menor a la estipulada por lo que se le otorg\u00f3 un plazo de tiempo para hacerlo, sin embargo no cumpli\u00f3.<\/p>\n<p>Ante esta situaci\u00f3n, la autoridad judicial determin\u00f3 iniciar su proceso y conforme a las pruebas presentadas, se determin\u00f3 que Benjam\u00edn V.G., incurri\u00f3 en el delito de incumplimiento de obligaci\u00f3n alimentaria, debido a que, desde el 04 de octubre de 2019 hasta la fecha, sin motivo justificado dej\u00f3 de proveer lo establecido por el Juez de la causa quien dict\u00f3 sentencia condenatoria de cuatro a\u00f1os y seis meses de prisi\u00f3n, adem\u00e1s, impuso el pago de una multa y la reparaci\u00f3n del da\u00f1o en abstracto.<\/p>\n<p>Para la Fiscal\u00eda General del Estado de Oaxaca la procuraci\u00f3n de justicia a favor de las ni\u00f1as, ni\u00f1os y adolescentes es una prioridad, por ello, reafirma su compromiso de trabajar para que este sector de la poblaci\u00f3n pueda acceder al ejercicio pleno de sus derechos humanos.<\/p>\n","protected":false},"author":2,"featured_media":7869,"comment_status":"closed","ping_status":"closed","template":"","tags":[],"categoria_noticias":[],"class_list":["post-16441","noticias","type-noticias","status-publish","has-post-thumbnail","hentry"],"acf":[],"mb":[],"mfb_rest_fields":["title","gutenberg_elementor_mode"],"_links":{"self":[{"href":"https:\/\/portal.fgeo.gob.mx\/index.php\/wp-json\/wp\/v2\/noticias\/16441","targetHints":{"allow":["GET"]}}],"collection":[{"href":"https:\/\/portal.fgeo.gob.mx\/index.php\/wp-json\/wp\/v2\/noticias"}],"about":[{"href":"https:\/\/portal.fgeo.gob.mx\/index.php\/wp-json\/wp\/v2\/types\/noticias"}],"author":[{"embeddable":true,"href":"https:\/\/portal.fgeo.gob.mx\/index.php\/wp-json\/wp\/v2\/users\/2"}],"replies":[{"embeddable":true,"href":"https:\/\/portal.fgeo.gob.mx\/index.php\/wp-json\/wp\/v2\/comments?post=16441"}],"wp:featuredmedia":[{"embeddable":true,"href":"https:\/\/portal.fgeo.gob.mx\/index.php\/wp-json\/"}],"wp:attachment":[{"href":"https:\/\/portal.fgeo.gob.mx\/index.php\/wp-json\/wp\/v2\/media?parent=16441"}],"wp:term":[{"taxonomy":"post_tag","embeddable":true,"href":"https:\/\/portal.fgeo.gob.mx\/index.php\/wp-json\/wp\/v2\/tags?post=16441"},{"taxonomy":"categoria_noticias","embeddable":true,"href":"https:\/\/portal.fgeo.gob.mx\/index.php\/wp-json\/wp\/v2\/categoria_noticias?post=16441"}],"curies":[{"name":"wp","href":"https:\/\/api.w.org\/{rel}","templated":true}]}}