{"id":16440,"date":"2024-12-09T08:21:36","date_gmt":"2024-12-09T14:21:36","guid":{"rendered":"https:\/\/fge.oaxaca.gob.mx\/?post_type=noticias&amp;p=7870"},"modified":"2024-12-09T08:21:36","modified_gmt":"2024-12-09T14:21:36","slug":"boletin-1027-fgeo-solicita-vinculacion-a-proceso-contra-imputado-por-feminicidio-ocurrido-en-la-ciudad-de-oaxaca-de-juarez","status":"publish","type":"noticias","link":"https:\/\/portal.fgeo.gob.mx\/index.php\/archivos\/noticias\/boletin-1027-fgeo-solicita-vinculacion-a-proceso-contra-imputado-por-feminicidio-ocurrido-en-la-ciudad-de-oaxaca-de-juarez","title":{"rendered":"BOLET\u00cdN 1,110 &#8211; FGEO solicita vinculaci\u00f3n a proceso contra imputado por feminicidio ocurrido en la ciudad de Oaxaca de Ju\u00e1rez"},"content":{"rendered":"<p><strong>Oaxaca de Ju\u00e1rez, Oax. 09 de diciembre de 2024.- <\/strong>La Fiscal\u00eda General del Estado de Oaxaca (FGEO) solicit\u00f3 la vinculaci\u00f3n a proceso en contra de una persona imputada por el delito de feminicidio agravado, hechos cometidos en la regi\u00f3n de Valles Centrales.<\/p>\n<p>Al tener conocimiento del caso, la FGEO realiz\u00f3 la investigaci\u00f3n correspondiente a trav\u00e9s de personal especializado de la Fiscal\u00eda Especializada para la Atenci\u00f3n a Delitos contra la Mujer por Raz\u00f3n de G\u00e9nero\u00a0 que llev\u00f3 ante el Juez a F.M.S., quien qued\u00f3 a disposici\u00f3n de la autoridad para que se decida su situaci\u00f3n jur\u00eddica, despu\u00e9s de que se le realizar\u00e1 la imputaci\u00f3n y se solicitar\u00e1 la vinculaci\u00f3n a proceso, quedando en prisi\u00f3n preventiva a espera de audiencia.<\/p>\n<p><img fetchpriority=\"high\" decoding=\"async\" class=\"alignnone size-medium wp-image-7871\" src=\"https:\/\/portal.fgeo.gob.mx\/wp-content\/uploads\/2024\/12\/BOLET%C3%8DN-1027-FGEO-solicita-vinculaci%C3%B3n-a-proceso-contra-imputado-por-feminicidio-ocurrido-en-la-ciudad-de-Oaxaca-de-Ju%C3%A1rez-262x300.jpeg\" alt=\"\" width=\"262\" height=\"300\" \/><\/p>\n<p>Las labores de investigaci\u00f3n realizadas por medio de equipos multidisciplinarios y especializados en perspectiva de g\u00e9nero, permitieron que derivado de los primeros trabajos ministeriales, periciales, forenses, fue posible la ubicaci\u00f3n y ejecuci\u00f3n de la orden de aprehensi\u00f3n en contra de F.M.S.<\/p>\n<p>De acuerdo con los resultados de las investigaciones realizadas con trabajos de inteligencia criminal y an\u00e1lisis de contexto de la v\u00edctima que efect\u00faan las unidades especializadas de g\u00e9nero de la Fiscal\u00eda General del Estado de Oaxaca, el imputado estar\u00eda relacionado con los hechos ocurridos en un domicilio de la colonia Uni\u00f3n en el municipio de Oaxaca de Ju\u00e1rez, lugar en que la madrugada del martes 3 de diciembre fue encontrada una mujer sin vida.<\/p>\n<p>La Fiscal\u00eda de Oaxaca reitera su compromiso de realizar investigaciones efectivas que permitan garantizar a las v\u00edctimas directas e indirectas de casos de muertes violentas de mujeres un adecuado acceso a la procuraci\u00f3n de justicia, por ello, utiliza todas las herramientas ministeriales y cient\u00edficas con el fin de brindar certeza a las v\u00edctimas.<\/p>\n<p>&nbsp;<\/p>\n","protected":false},"author":2,"featured_media":7869,"comment_status":"closed","ping_status":"closed","template":"","tags":[],"categoria_noticias":[],"class_list":["post-16440","noticias","type-noticias","status-publish","has-post-thumbnail","hentry"],"acf":[],"mb":[],"mfb_rest_fields":["title","gutenberg_elementor_mode"],"_links":{"self":[{"href":"https:\/\/portal.fgeo.gob.mx\/index.php\/wp-json\/wp\/v2\/noticias\/16440","targetHints":{"allow":["GET"]}}],"collection":[{"href":"https:\/\/portal.fgeo.gob.mx\/index.php\/wp-json\/wp\/v2\/noticias"}],"about":[{"href":"https:\/\/portal.fgeo.gob.mx\/index.php\/wp-json\/wp\/v2\/types\/noticias"}],"author":[{"embeddable":true,"href":"https:\/\/portal.fgeo.gob.mx\/index.php\/wp-json\/wp\/v2\/users\/2"}],"replies":[{"embeddable":true,"href":"https:\/\/portal.fgeo.gob.mx\/index.php\/wp-json\/wp\/v2\/comments?post=16440"}],"wp:featuredmedia":[{"embeddable":true,"href":"https:\/\/portal.fgeo.gob.mx\/index.php\/wp-json\/"}],"wp:attachment":[{"href":"https:\/\/portal.fgeo.gob.mx\/index.php\/wp-json\/wp\/v2\/media?parent=16440"}],"wp:term":[{"taxonomy":"post_tag","embeddable":true,"href":"https:\/\/portal.fgeo.gob.mx\/index.php\/wp-json\/wp\/v2\/tags?post=16440"},{"taxonomy":"categoria_noticias","embeddable":true,"href":"https:\/\/portal.fgeo.gob.mx\/index.php\/wp-json\/wp\/v2\/categoria_noticias?post=16440"}],"curies":[{"name":"wp","href":"https:\/\/api.w.org\/{rel}","templated":true}]}}