{"id":16434,"date":"2024-12-04T12:45:41","date_gmt":"2024-12-04T18:45:41","guid":{"rendered":"https:\/\/fge.oaxaca.gob.mx\/?post_type=noticias&amp;p=7850"},"modified":"2024-12-04T12:45:41","modified_gmt":"2024-12-04T18:45:41","slug":"boletin-1100-fiscalia-de-oaxaca-logra-vinculacion-a-proceso-y-prision-contra-imputado-por-homicidio-de-dos-mujeres-de-origen-triqui","status":"publish","type":"noticias","link":"https:\/\/portal.fgeo.gob.mx\/index.php\/archivos\/noticias\/boletin-1100-fiscalia-de-oaxaca-logra-vinculacion-a-proceso-y-prision-contra-imputado-por-homicidio-de-dos-mujeres-de-origen-triqui","title":{"rendered":"BOLET\u00cdN 1,100.- Fiscal\u00eda de Oaxaca logra vinculaci\u00f3n a proceso y prisi\u00f3n contra imputado por homicidio de dos mujeres de origen Triqui"},"content":{"rendered":"<p>Oaxaca de Ju\u00e1rez, Oax. 04 de diciembre de 2024.-La Fiscal\u00eda General del Estado de Oaxaca (FGEO) obtuvo auto de vinculaci\u00f3n a proceso y prisi\u00f3n preventiva en contra de una persona del sexo masculino identificada como L.E.R.V., quien se desempe\u00f1aba como Polic\u00eda Estatal de la Secretar\u00eda de Seguridad y Protecci\u00f3n Ciudadana (SSPC), sujeto imputado por el delito de Homicidio de dos mujeres originarias de la zona triqui de la regi\u00f3n Mixteca, quienes fueron agredidas con disparos de arma de fuego en la capital oaxaque\u00f1a.<\/p>\n<p>De acuerdo con lo asentado en el expediente penal del caso, el doble homicidio ocurri\u00f3 la noche del 5 de noviembre de 2024, en calles de la colonia Francisco I. Madero en la ciudad de Oaxaca, lugar donde fueron agredidas dos mujeres identificadas como V.O.G., y A.O.G., quienes fallecieron a consecuencia de las lesiones infligidas durante el ataque.<\/p>\n<p>Al tener conocimiento de los hechos, la FGEO inici\u00f3 una exhaustiva investigaci\u00f3n que permiti\u00f3 reunir las pruebas suficientes para obtener una orden de aprehensi\u00f3n en contra del imputado y con ello, presentarlo a audiencia en la que la Fiscal\u00eda de Oaxaca realiz\u00f3 la formulaci\u00f3n de imputaci\u00f3n.<\/p>\n<p>Una vez valoradas las pruebas aportadas, el Juez de la causa dict\u00f3 vinculaci\u00f3n a proceso por el delito de Homicidio Calificado en contra de las dos mujeres de origen triqui de iniciales<br \/>\nV.O.G., y A.O.G.<\/p>\n<p>Adem\u00e1s, la autoridad judicial impuso la medida cautelar de prisi\u00f3n preventiva oficiosa, concediendo un plazo de dos meses para el cierre de investigaci\u00f3n complementaria.<\/p>\n<p>En esta investigaci\u00f3n, la FGEO en todo momento ha tenido el respaldo y la apertura de la SSPC para el fortalecimiento de las investigaciones.<\/p>\n<p>Es importante mencionar que por este caso, hay otras dos personas detenidas, identificadas como J. A. R. L. y A. C. O.<\/p>\n<p>La Fiscal\u00eda de Oaxaca realiza investigaciones transversales para tomar en cuenta el contexto de las v\u00edctimas, adem\u00e1s que se basa en los resultados de los estudios periciales para tener certeza cient\u00edfica como parte de las labores de procuraci\u00f3n de justicia a favor de las v\u00edctimas.<\/p>\n<p><img fetchpriority=\"high\" decoding=\"async\" class=\"alignnone size-medium wp-image-7811\" src=\"https:\/\/portal.fgeo.gob.mx\/wp-content\/uploads\/2024\/11\/1.088-225x300.jpg\" alt=\"\" width=\"225\" height=\"300\" \/><\/p>\n","protected":false},"author":2,"featured_media":7806,"comment_status":"closed","ping_status":"closed","template":"","tags":[],"categoria_noticias":[],"class_list":["post-16434","noticias","type-noticias","status-publish","has-post-thumbnail","hentry"],"acf":[],"mb":[],"mfb_rest_fields":["title","gutenberg_elementor_mode"],"_links":{"self":[{"href":"https:\/\/portal.fgeo.gob.mx\/index.php\/wp-json\/wp\/v2\/noticias\/16434","targetHints":{"allow":["GET"]}}],"collection":[{"href":"https:\/\/portal.fgeo.gob.mx\/index.php\/wp-json\/wp\/v2\/noticias"}],"about":[{"href":"https:\/\/portal.fgeo.gob.mx\/index.php\/wp-json\/wp\/v2\/types\/noticias"}],"author":[{"embeddable":true,"href":"https:\/\/portal.fgeo.gob.mx\/index.php\/wp-json\/wp\/v2\/users\/2"}],"replies":[{"embeddable":true,"href":"https:\/\/portal.fgeo.gob.mx\/index.php\/wp-json\/wp\/v2\/comments?post=16434"}],"wp:featuredmedia":[{"embeddable":true,"href":"https:\/\/portal.fgeo.gob.mx\/index.php\/wp-json\/"}],"wp:attachment":[{"href":"https:\/\/portal.fgeo.gob.mx\/index.php\/wp-json\/wp\/v2\/media?parent=16434"}],"wp:term":[{"taxonomy":"post_tag","embeddable":true,"href":"https:\/\/portal.fgeo.gob.mx\/index.php\/wp-json\/wp\/v2\/tags?post=16434"},{"taxonomy":"categoria_noticias","embeddable":true,"href":"https:\/\/portal.fgeo.gob.mx\/index.php\/wp-json\/wp\/v2\/categoria_noticias?post=16434"}],"curies":[{"name":"wp","href":"https:\/\/api.w.org\/{rel}","templated":true}]}}