{"id":16432,"date":"2024-12-04T15:00:23","date_gmt":"2024-12-04T21:00:23","guid":{"rendered":"https:\/\/fge.oaxaca.gob.mx\/?post_type=noticias&amp;p=7847"},"modified":"2024-12-04T15:00:23","modified_gmt":"2024-12-04T21:00:23","slug":"boletin-2001-obtiene-fgeo-vinculacion-a-proceso-contra-imputado-por-violacion-en-agravio-de-un-nino-cometido-en-la-region-de-la-costa","status":"publish","type":"noticias","link":"https:\/\/portal.fgeo.gob.mx\/index.php\/archivos\/noticias\/boletin-2001-obtiene-fgeo-vinculacion-a-proceso-contra-imputado-por-violacion-en-agravio-de-un-nino-cometido-en-la-region-de-la-costa","title":{"rendered":"BOLET\u00cdN 1,101.-Obtiene FGEO vinculaci\u00f3n a proceso contra imputado por Violaci\u00f3n en agravio de un ni\u00f1o, cometido en la regi\u00f3n de la Costa"},"content":{"rendered":"<p>Oaxaca de Ju\u00e1rez, Oax. 04 de diciembre de 2024.- Obtiene FGEO vinculaci\u00f3n a proceso contra imputado por Violaci\u00f3n en agravio de un ni\u00f1o, cometido en la regi\u00f3n de la Costa<\/p>\n<p>Como parte de la estrategia de combate a los delitos cometidos en contra de ni\u00f1as, ni\u00f1os, adolescentes y mujeres, la Fiscal\u00eda General del Estado de Oaxaca (FGEO) obtuvo auto de vinculaci\u00f3n a proceso y prisi\u00f3n preventiva en contra de una persona del sexo masculino, identificado como B.B.L.F., por el delito de Violaci\u00f3n Agravada cometido en agravio de un ni\u00f1o, en la regi\u00f3n de la Costa.<\/p>\n<p>Conforme a los datos asentados en el expediente penal del caso, la agresi\u00f3n sexual ocurri\u00f3 el 23 de junio de 2021, en un domicilio ubicado en la Secci\u00f3n Segunda del Barrio Loma Larga, perteneciente al municipio de San Pedro Pochutla, lugar donde el atacante someti\u00f3 a la v\u00edctima -un menor de 12 a\u00f1os de edad, cuya identidad est\u00e1 reserva por ley- para agredirlo.<\/p>\n<p>Ante estos hechos y tras la denuncia recibida, la Fiscal\u00eda de Oaxaca inici\u00f3 las indagatorias a trav\u00e9s de la Vicefiscal\u00eda Regional de la Costa, lo que permiti\u00f3 obtenci\u00f3n de una orden aprehensi\u00f3n a la cual se le dio cumplimiento al detener a B.B.L.F., quien fue presentado ante la autoridad que lo requiri\u00f3.<\/p>\n<p>Una vez evaluados los datos de prueba aportados por el Ministerio P\u00fablico, el Juez de la causa determin\u00f3 vincular a proceso a B.B.L.F., por el delito Violaci\u00f3n Agravada contra un menor de edad e impuso la medida cautelar de prisi\u00f3n preventiva justificada, otorgando un mes para el cierre de la investigaci\u00f3n complementaria.<\/p>\n<p>La Fiscal\u00eda de Oaxaca, reitera en los hechos, su compromiso de llevar ante la Justicia a todo aquel que vulnere los derechos y la integridad de ni\u00f1as, ni\u00f1os, adolescentes y mujeres.<\/p>\n<p><img fetchpriority=\"high\" decoding=\"async\" class=\"alignnone size-medium wp-image-7848\" src=\"https:\/\/portal.fgeo.gob.mx\/wp-content\/uploads\/2024\/12\/IMAGEN-BOLET%C3%8DN-2001-225x300.png\" alt=\"\" width=\"225\" height=\"300\" \/><\/p>\n","protected":false},"author":2,"featured_media":7806,"comment_status":"closed","ping_status":"closed","template":"","tags":[],"categoria_noticias":[],"class_list":["post-16432","noticias","type-noticias","status-publish","has-post-thumbnail","hentry"],"acf":[],"mb":[],"mfb_rest_fields":["title","gutenberg_elementor_mode"],"_links":{"self":[{"href":"https:\/\/portal.fgeo.gob.mx\/index.php\/wp-json\/wp\/v2\/noticias\/16432","targetHints":{"allow":["GET"]}}],"collection":[{"href":"https:\/\/portal.fgeo.gob.mx\/index.php\/wp-json\/wp\/v2\/noticias"}],"about":[{"href":"https:\/\/portal.fgeo.gob.mx\/index.php\/wp-json\/wp\/v2\/types\/noticias"}],"author":[{"embeddable":true,"href":"https:\/\/portal.fgeo.gob.mx\/index.php\/wp-json\/wp\/v2\/users\/2"}],"replies":[{"embeddable":true,"href":"https:\/\/portal.fgeo.gob.mx\/index.php\/wp-json\/wp\/v2\/comments?post=16432"}],"wp:featuredmedia":[{"embeddable":true,"href":"https:\/\/portal.fgeo.gob.mx\/index.php\/wp-json\/"}],"wp:attachment":[{"href":"https:\/\/portal.fgeo.gob.mx\/index.php\/wp-json\/wp\/v2\/media?parent=16432"}],"wp:term":[{"taxonomy":"post_tag","embeddable":true,"href":"https:\/\/portal.fgeo.gob.mx\/index.php\/wp-json\/wp\/v2\/tags?post=16432"},{"taxonomy":"categoria_noticias","embeddable":true,"href":"https:\/\/portal.fgeo.gob.mx\/index.php\/wp-json\/wp\/v2\/categoria_noticias?post=16432"}],"curies":[{"name":"wp","href":"https:\/\/api.w.org\/{rel}","templated":true}]}}