{"id":16430,"date":"2024-12-03T16:14:10","date_gmt":"2024-12-03T22:14:10","guid":{"rendered":"https:\/\/fge.oaxaca.gob.mx\/?post_type=noticias&amp;p=7844"},"modified":"2024-12-03T16:14:10","modified_gmt":"2024-12-03T22:14:10","slug":"boletin-1098-obtiene-fgeo-sentencia-condenatoria-de-3-anos-de-prision-contra-responsable-de-violencia-familiar-delito-cometido-en-la-region-de-la-costa","status":"publish","type":"noticias","link":"https:\/\/portal.fgeo.gob.mx\/index.php\/archivos\/noticias\/boletin-1098-obtiene-fgeo-sentencia-condenatoria-de-3-anos-de-prision-contra-responsable-de-violencia-familiar-delito-cometido-en-la-region-de-la-costa","title":{"rendered":"BOLET\u00cdN 1098.- Obtiene FGEO sentencia condenatoria de 3 a\u00f1os de prisi\u00f3n contra responsable de violencia familiar; delito cometido en la regi\u00f3n de la Costa"},"content":{"rendered":"<p>Oaxaca de Ju\u00e1rez, Oax. 03 de diciembre de 2024.- Como parte de las acciones realizadas para procurar justicia a las mujeres v\u00edctimas directas e indirectas de delitos por raz\u00f3n de g\u00e9nero, la Fiscal\u00eda General del Estado de Oaxaca (FGEO) obtuvo sentencia condenatoria de 3 a\u00f1os de prisi\u00f3n en contra de una persona del sexo masculino identificada como G.L.G., por el delito de Violencia Familiar, cometido en agravio de R.C.S., ocurrido en la regi\u00f3n de la Costa.<\/p>\n<p>De acuerdo con lo asentado en el expediente penal del caso, el 03 de enero de 2024, la v\u00edctima lleg\u00f3 al domicilio ubicado en la calle segunda norte, colonia Centro de Puerto Escondido, sitio en donde se encontraba el imputado, quien la agredi\u00f3.<\/p>\n<p>Ante estos hechos, la FGEO inici\u00f3 una exhaustiva investigaci\u00f3n con estricto apego a la perspectiva de g\u00e9nero, a trav\u00e9s de la Vicefiscal\u00eda Regional de la Costa, la cual permiti\u00f3 obtener una orden de aprehensi\u00f3n contra el imputado y con ello, llevarlo ante el Juez que lo requiri\u00f3.<\/p>\n<p>Tras el desahogo de pruebas presentadas por la Instituci\u00f3n procuradora de justicia, el Juez que atiende la causa dict\u00f3 sentencia condenatoria de 3 a\u00f1os de prisi\u00f3n en contra de G.L.G., a quien tambi\u00e9n impuso el pago de una multa por su responsabilidad en la comisi\u00f3n del delito de violencia familiar.<\/p>\n<p>La Fiscal\u00eda de Oaxaca est\u00e1 comprometida con brindar investigaciones prontas, especialmente en materia del delito de violencia familiar, pues con esto busca garantizar a las v\u00edctimas directas e indirectas procesos de procuraci\u00f3n de justicia eficientes.<\/p>\n<p><img fetchpriority=\"high\" decoding=\"async\" class=\"alignnone size-medium wp-image-7845\" src=\"https:\/\/portal.fgeo.gob.mx\/wp-content\/uploads\/2024\/12\/IMAGEN-BOLET%C3%8DN-1098-300x183.jpeg\" alt=\"\" width=\"300\" height=\"183\" \/><\/p>\n","protected":false},"author":2,"featured_media":7806,"comment_status":"closed","ping_status":"closed","template":"","tags":[],"categoria_noticias":[],"class_list":["post-16430","noticias","type-noticias","status-publish","has-post-thumbnail","hentry"],"acf":[],"mb":[],"mfb_rest_fields":["title","gutenberg_elementor_mode"],"_links":{"self":[{"href":"https:\/\/portal.fgeo.gob.mx\/index.php\/wp-json\/wp\/v2\/noticias\/16430","targetHints":{"allow":["GET"]}}],"collection":[{"href":"https:\/\/portal.fgeo.gob.mx\/index.php\/wp-json\/wp\/v2\/noticias"}],"about":[{"href":"https:\/\/portal.fgeo.gob.mx\/index.php\/wp-json\/wp\/v2\/types\/noticias"}],"author":[{"embeddable":true,"href":"https:\/\/portal.fgeo.gob.mx\/index.php\/wp-json\/wp\/v2\/users\/2"}],"replies":[{"embeddable":true,"href":"https:\/\/portal.fgeo.gob.mx\/index.php\/wp-json\/wp\/v2\/comments?post=16430"}],"wp:featuredmedia":[{"embeddable":true,"href":"https:\/\/portal.fgeo.gob.mx\/index.php\/wp-json\/"}],"wp:attachment":[{"href":"https:\/\/portal.fgeo.gob.mx\/index.php\/wp-json\/wp\/v2\/media?parent=16430"}],"wp:term":[{"taxonomy":"post_tag","embeddable":true,"href":"https:\/\/portal.fgeo.gob.mx\/index.php\/wp-json\/wp\/v2\/tags?post=16430"},{"taxonomy":"categoria_noticias","embeddable":true,"href":"https:\/\/portal.fgeo.gob.mx\/index.php\/wp-json\/wp\/v2\/categoria_noticias?post=16430"}],"curies":[{"name":"wp","href":"https:\/\/api.w.org\/{rel}","templated":true}]}}