{"id":16429,"date":"2024-12-03T13:30:17","date_gmt":"2024-12-03T19:30:17","guid":{"rendered":"https:\/\/fge.oaxaca.gob.mx\/?post_type=noticias&amp;p=7841"},"modified":"2024-12-03T13:30:17","modified_gmt":"2024-12-03T19:30:17","slug":"boletin-1097-fiscalia-de-oaxaca-logra-vinculacion-a-proceso-y-prision-contra-imputado-por-robo-violento-a-cuentahabiente-en-una-sucursal-bancaria-de-la-costa","status":"publish","type":"noticias","link":"https:\/\/portal.fgeo.gob.mx\/index.php\/archivos\/noticias\/boletin-1097-fiscalia-de-oaxaca-logra-vinculacion-a-proceso-y-prision-contra-imputado-por-robo-violento-a-cuentahabiente-en-una-sucursal-bancaria-de-la-costa","title":{"rendered":"BOLET\u00cdN 1,097.-Fiscal\u00eda de Oaxaca logra vinculaci\u00f3n a proceso y prisi\u00f3n contra imputado por robo violento a cuentahabiente en una sucursal bancaria de la Costa"},"content":{"rendered":"<p style=\"font-weight: 400\">Oaxaca de Ju\u00e1rez, Oax. 03 de diciembre de 2024.- La investigaci\u00f3n ministerial que realiza la Fiscal\u00eda General del Estado de Oaxaca (FGEO ) hizo posible obtener auto de vinculaci\u00f3n a proceso y prisi\u00f3n en contra de una persona del sexo masculino, identificada como E.H.R., por el delito de Robo con Violencia cometido en perjuicio patrimonial de J.C.G R., en hechos suscitados en la regi\u00f3n de la Costa.<\/p>\n<p style=\"font-weight: 400\">De acuerdo al expediente penal del caso, los hechos sucedieron este 20 de junio del 2024, cuando la v\u00edctima se encontraba al interior de una sucursal bancaria ubicada en calles c\u00e9ntricas de San Pedro Pochutla, lugar donde ingres\u00f3 el agresor y, con un arma de fuego, amenaz\u00f3 al ciudadano para enseguida despojarlo de dinero en efectivo.<\/p>\n<p style=\"font-weight: 400\">Ante estos hechos, la Fiscal\u00eda de Oaxaca -a trav\u00e9s de la Unidad Operativa de Investigaci\u00f3n de la Vicefiscal\u00eda Regional de la Costa- inici\u00f3 las indagatorias correspondientes que dieron como resultado la obtenci\u00f3n y ejecuci\u00f3n de una orden de aprehensi\u00f3n en contra de E.H.R., quien fue puesto a disposici\u00f3n de la autoridad ministerial correspondiente.<\/p>\n<p style=\"font-weight: 400\">Tras valorar los datos de pruebas aportadas por la FGEO, el Juez de Control determin\u00f3 vincular a proceso a E.H.R., por el delito de Robo con Violencia, imponiendo la medida cautelar de prisi\u00f3n preventiva justificada, adem\u00e1s de otorgar dos meses para el cierre de la investigaci\u00f3n complementaria.<\/p>\n<p style=\"font-weight: 400\">La Fiscal\u00eda de Oaxaca aplica t\u00e9cnicas de investigaci\u00f3n que hacen m\u00e1s efectivos los trabajos ministeriales y permiten una actuaci\u00f3n eficaz para dar con el paradero de los responsables por la comisi\u00f3n de delitos cometidos en agravio de los diferentes sectores de la sociedad.<\/p>\n<p style=\"font-weight: 400\"><img fetchpriority=\"high\" decoding=\"async\" class=\"alignnone size-medium wp-image-7843\" src=\"https:\/\/portal.fgeo.gob.mx\/wp-content\/uploads\/2024\/12\/IMAGEN-BOLET%C3%8DN-1097-1-300x251.png\" alt=\"\" width=\"300\" height=\"251\" \/><\/p>\n","protected":false},"author":2,"featured_media":7806,"comment_status":"closed","ping_status":"closed","template":"","tags":[],"categoria_noticias":[],"class_list":["post-16429","noticias","type-noticias","status-publish","has-post-thumbnail","hentry"],"acf":[],"mb":[],"mfb_rest_fields":["title","gutenberg_elementor_mode"],"_links":{"self":[{"href":"https:\/\/portal.fgeo.gob.mx\/index.php\/wp-json\/wp\/v2\/noticias\/16429","targetHints":{"allow":["GET"]}}],"collection":[{"href":"https:\/\/portal.fgeo.gob.mx\/index.php\/wp-json\/wp\/v2\/noticias"}],"about":[{"href":"https:\/\/portal.fgeo.gob.mx\/index.php\/wp-json\/wp\/v2\/types\/noticias"}],"author":[{"embeddable":true,"href":"https:\/\/portal.fgeo.gob.mx\/index.php\/wp-json\/wp\/v2\/users\/2"}],"replies":[{"embeddable":true,"href":"https:\/\/portal.fgeo.gob.mx\/index.php\/wp-json\/wp\/v2\/comments?post=16429"}],"wp:featuredmedia":[{"embeddable":true,"href":"https:\/\/portal.fgeo.gob.mx\/index.php\/wp-json\/"}],"wp:attachment":[{"href":"https:\/\/portal.fgeo.gob.mx\/index.php\/wp-json\/wp\/v2\/media?parent=16429"}],"wp:term":[{"taxonomy":"post_tag","embeddable":true,"href":"https:\/\/portal.fgeo.gob.mx\/index.php\/wp-json\/wp\/v2\/tags?post=16429"},{"taxonomy":"categoria_noticias","embeddable":true,"href":"https:\/\/portal.fgeo.gob.mx\/index.php\/wp-json\/wp\/v2\/categoria_noticias?post=16429"}],"curies":[{"name":"wp","href":"https:\/\/api.w.org\/{rel}","templated":true}]}}