{"id":16428,"date":"2024-12-03T11:47:17","date_gmt":"2024-12-03T17:47:17","guid":{"rendered":"https:\/\/fge.oaxaca.gob.mx\/?post_type=noticias&amp;p=7840"},"modified":"2024-12-03T11:47:17","modified_gmt":"2024-12-03T17:47:17","slug":"boletin-1096-derivado-de-trabajo-ministerial-y-entrevistas-fiscalia-de-oaxaca-robustece-lineas-de-investigacion-tras-feminicidio-cometido-en-oaxaca-de-juarez","status":"publish","type":"noticias","link":"https:\/\/portal.fgeo.gob.mx\/index.php\/archivos\/noticias\/boletin-1096-derivado-de-trabajo-ministerial-y-entrevistas-fiscalia-de-oaxaca-robustece-lineas-de-investigacion-tras-feminicidio-cometido-en-oaxaca-de-juarez","title":{"rendered":"BOLET\u00cdN 1,096.-Derivado de trabajo ministerial y entrevistas, Fiscal\u00eda de Oaxaca robustece l\u00edneas de investigaci\u00f3n tras feminicidio cometido en Oaxaca de Ju\u00e1rez"},"content":{"rendered":"<p>Oaxaca de Ju\u00e1rez, Oax. 03 de diciembre de 2024.- La Fiscal\u00eda General del Estado de Oaxaca (FGEO) cuenta con solidas l\u00edneas de investigaci\u00f3n que se fortalecen conforme avanzan las investigaciones en torno a la muerte violenta de una mujer que ocurri\u00f3 durante la madrugada de este martes 3 de diciembre en un domicilio de la capital de la entidad.<\/p>\n<p>Luego de tener el reporte de los hechos, la FGEO activ\u00f3 el Protocolo de Actuaci\u00f3n Ministerial, Pericial y Policial en el Delito de Feminicidio, a trav\u00e9s de la Fiscal\u00eda Especializada para la Atenci\u00f3n a Delitos de Alto Impacto, por ello, desplego un equipo interdisciplinario y especializado que permita realizar las investigaciones bajo los m\u00e1s altos est\u00e1ndares y con perspectiva de g\u00e9nero.<\/p>\n<p>Derivado de los trabajos periciales y forenses realizados en el sitio donde ocurri\u00f3 el delito se recabaron indicios, adem\u00e1s de realizarse entrevistas que robustecen las l\u00edneas de investigaci\u00f3n al respecto, a estos actos de investigaci\u00f3n se suman los trabajos de an\u00e1lisis y contexto, para saber en d\u00f3nde y con qui\u00e9n estuvo la v\u00edctima antes de qu\u00e9 le quitaran la vida.<\/p>\n<p>Los hechos sucedieron en calles de la colonia \u201cLa Uni\u00f3n\u201d en el municipio de Oaxaca de Ju\u00e1rez, la madrugada de este martes cuando la v\u00edctima identificada como R.R.R.\u00a0 fue encontrada sin vida al interior de su domicilio.<\/p>\n<p>La Fiscal\u00eda de Oaxaca est\u00e1 comprometida con procurar justicia en forma eficiente, especialmente en casos relacionados con muertes violentas de mujeres, por ello, lleva a cabo las investigaciones con perspectiva de g\u00e9nero y m\u00e9todos cient\u00edficos que permitan dar certeza a las v\u00edctimas directas e indirectas.<\/p>\n<p>&nbsp;<\/p>\n","protected":false},"author":2,"featured_media":7806,"comment_status":"closed","ping_status":"closed","template":"","tags":[],"categoria_noticias":[],"class_list":["post-16428","noticias","type-noticias","status-publish","has-post-thumbnail","hentry"],"acf":[],"mb":[],"mfb_rest_fields":["title","gutenberg_elementor_mode"],"_links":{"self":[{"href":"https:\/\/portal.fgeo.gob.mx\/index.php\/wp-json\/wp\/v2\/noticias\/16428","targetHints":{"allow":["GET"]}}],"collection":[{"href":"https:\/\/portal.fgeo.gob.mx\/index.php\/wp-json\/wp\/v2\/noticias"}],"about":[{"href":"https:\/\/portal.fgeo.gob.mx\/index.php\/wp-json\/wp\/v2\/types\/noticias"}],"author":[{"embeddable":true,"href":"https:\/\/portal.fgeo.gob.mx\/index.php\/wp-json\/wp\/v2\/users\/2"}],"replies":[{"embeddable":true,"href":"https:\/\/portal.fgeo.gob.mx\/index.php\/wp-json\/wp\/v2\/comments?post=16428"}],"wp:featuredmedia":[{"embeddable":true,"href":"https:\/\/portal.fgeo.gob.mx\/index.php\/wp-json\/"}],"wp:attachment":[{"href":"https:\/\/portal.fgeo.gob.mx\/index.php\/wp-json\/wp\/v2\/media?parent=16428"}],"wp:term":[{"taxonomy":"post_tag","embeddable":true,"href":"https:\/\/portal.fgeo.gob.mx\/index.php\/wp-json\/wp\/v2\/tags?post=16428"},{"taxonomy":"categoria_noticias","embeddable":true,"href":"https:\/\/portal.fgeo.gob.mx\/index.php\/wp-json\/wp\/v2\/categoria_noticias?post=16428"}],"curies":[{"name":"wp","href":"https:\/\/api.w.org\/{rel}","templated":true}]}}