{"id":16426,"date":"2024-12-02T17:00:16","date_gmt":"2024-12-02T23:00:16","guid":{"rendered":"https:\/\/fge.oaxaca.gob.mx\/?post_type=noticias&amp;p=7829"},"modified":"2024-12-02T17:00:16","modified_gmt":"2024-12-02T23:00:16","slug":"boletin-1094-fiscalia-de-oaxaca-logra-vinculacion-a-proceso-y-prision-preventiva-contra-imputado-por-el-delito-de-violencia-familiar-cometido-en-la-region-de-la-costa","status":"publish","type":"noticias","link":"https:\/\/portal.fgeo.gob.mx\/index.php\/archivos\/noticias\/boletin-1094-fiscalia-de-oaxaca-logra-vinculacion-a-proceso-y-prision-preventiva-contra-imputado-por-el-delito-de-violencia-familiar-cometido-en-la-region-de-la-costa","title":{"rendered":"BOLET\u00cdN 1,094.- Fiscal\u00eda de Oaxaca logra vinculaci\u00f3n a proceso y prisi\u00f3n preventiva contra imputado por el delito de violencia familiar, cometido en la regi\u00f3n de la Costa"},"content":{"rendered":"<p>Oaxaca de Ju\u00e1rez, Oax. 2 de diciembre de 2024.- Como parte de la estrategia de cero tolerancia a delitos contra la mujer por raz\u00f3n de g\u00e9nero, la Fiscal\u00eda General del Estado de Oaxaca (FGEO) obtuvo auto de vinculaci\u00f3n a proceso contra una persona del sexo masculino identificado como I.N.L., por el delito de Violencia Familiar.<\/p>\n<p>&nbsp;<\/p>\n<p>De acuerdo al expediente penal del caso, la v\u00edctima identificada como M.L.R., ex pareja sentimental del imputado, fue agredida verbal y f\u00edsicamente el 07 de octubre del 2024 en un domicilio ubicado en la colonia San Miguel, en Puerto Escondido.<\/p>\n<p>&nbsp;<\/p>\n<p>Datos de la investigaci\u00f3n revelan que, durante el forcejeo, el imputado intent\u00f3 agredirla, sin embargo, la v\u00edctima logr\u00f3 escapar y dar parte a las autoridades, por lo que el probable agresor fue detenido por polic\u00edas municipales de la comunidad.<\/p>\n<p>&nbsp;<\/p>\n<p>Una vez que la FGEO tom\u00f3 conocimiento del caso, inici\u00f3 las indagatorias a trav\u00e9s de la Vicefiscal\u00eda Regional de la Costa, que reuni\u00f3 las pruebas necesarias que permitieron llevar ante el juez al detenido para su proceso legal correspondiente.<\/p>\n<p>&nbsp;<\/p>\n<p>En audiencia y tras valorar los datos de prueba, el Juez que atiende la causa, dict\u00f3 auto de vinculaci\u00f3n a proceso e impuso como medida cautelar, prisi\u00f3n preventiva definitiva, otorgando un plazo de tres meses para el cierre de la investigaci\u00f3n complementaria.<\/p>\n<p>&nbsp;<\/p>\n<p>La Fiscal\u00eda de Oaxaca est\u00e1 comprometida con brindar investigaciones prontas, especialmente en materia del delito de violencia familiar, pues con esto busca garantizar a las v\u00edctimas procesos de procuraci\u00f3n de justicia eficientes.<\/p>\n<p><img fetchpriority=\"high\" decoding=\"async\" class=\"alignnone size-medium wp-image-7830\" src=\"https:\/\/portal.fgeo.gob.mx\/wp-content\/uploads\/2024\/12\/Dise%C3%B1o-sin-t%C3%ADtulo-1-249x300.jpg\" alt=\"\" width=\"249\" height=\"300\" \/><\/p>\n","protected":false},"author":2,"featured_media":7806,"comment_status":"closed","ping_status":"closed","template":"","tags":[],"categoria_noticias":[],"class_list":["post-16426","noticias","type-noticias","status-publish","has-post-thumbnail","hentry"],"acf":[],"mb":[],"mfb_rest_fields":["title","gutenberg_elementor_mode"],"_links":{"self":[{"href":"https:\/\/portal.fgeo.gob.mx\/index.php\/wp-json\/wp\/v2\/noticias\/16426","targetHints":{"allow":["GET"]}}],"collection":[{"href":"https:\/\/portal.fgeo.gob.mx\/index.php\/wp-json\/wp\/v2\/noticias"}],"about":[{"href":"https:\/\/portal.fgeo.gob.mx\/index.php\/wp-json\/wp\/v2\/types\/noticias"}],"author":[{"embeddable":true,"href":"https:\/\/portal.fgeo.gob.mx\/index.php\/wp-json\/wp\/v2\/users\/2"}],"replies":[{"embeddable":true,"href":"https:\/\/portal.fgeo.gob.mx\/index.php\/wp-json\/wp\/v2\/comments?post=16426"}],"wp:featuredmedia":[{"embeddable":true,"href":"https:\/\/portal.fgeo.gob.mx\/index.php\/wp-json\/"}],"wp:attachment":[{"href":"https:\/\/portal.fgeo.gob.mx\/index.php\/wp-json\/wp\/v2\/media?parent=16426"}],"wp:term":[{"taxonomy":"post_tag","embeddable":true,"href":"https:\/\/portal.fgeo.gob.mx\/index.php\/wp-json\/wp\/v2\/tags?post=16426"},{"taxonomy":"categoria_noticias","embeddable":true,"href":"https:\/\/portal.fgeo.gob.mx\/index.php\/wp-json\/wp\/v2\/categoria_noticias?post=16426"}],"curies":[{"name":"wp","href":"https:\/\/api.w.org\/{rel}","templated":true}]}}