{"id":16422,"date":"2024-11-30T14:42:39","date_gmt":"2024-11-30T20:42:39","guid":{"rendered":"https:\/\/fge.oaxaca.gob.mx\/?post_type=noticias&amp;p=7813"},"modified":"2024-11-30T14:42:39","modified_gmt":"2024-11-30T20:42:39","slug":"boletin-1090-detienen-a-cinco-personas-y-aseguran-5-kilos-de-drogas-durante-operativos-coordinados-entre-la-fiscalia-de-oaxaca-defensa-guardia-nacional-y-policia-estatal-despliegues-realizados-en","status":"publish","type":"noticias","link":"https:\/\/portal.fgeo.gob.mx\/index.php\/archivos\/noticias\/boletin-1090-detienen-a-cinco-personas-y-aseguran-5-kilos-de-drogas-durante-operativos-coordinados-entre-la-fiscalia-de-oaxaca-defensa-guardia-nacional-y-policia-estatal-despliegues-realizados-en","title":{"rendered":"BOLET\u00cdN 1,090.-Detienen a cinco personas y aseguran 5 kilos de drogas durante operativos coordinados entre la Fiscal\u00eda de Oaxaca, DEFENSA, Guardia Nacional y Polic\u00eda Estatal, despliegues realizados en la Costa"},"content":{"rendered":"<p>Oaxaca de Ju\u00e1rez, Oax. 30 de noviembre de 2024.- Como aparte de los resultados de las acciones preventivas que realiza la Fiscal\u00eda General del Estado de Oaxaca (FGEO) en estrecha colaboraci\u00f3n interinstitucional con la Secretar\u00eda de la Defensa Nacional (DEFENSA), Guardia Nacional y elementos de la Polic\u00eda Estatal se logr\u00f3 la detenci\u00f3n en flagrancia de cinco personas del sexo masculino, as\u00ed como el aseguramiento de 5 kilogramos de droga, durante los operativos que se realizan en la regi\u00f3n de la Costa.<\/p>\n<p>&nbsp;<\/p>\n<p>La movilizaci\u00f3n policial cont\u00f3 con la participaci\u00f3n de cerca de 60 elementos sumados entre la Agencia Estatal de Investigaciones (AEI), DEFENSA, GN y Polic\u00eda Estatal de la Secretar\u00eda de Seguridad y Protecci\u00f3n Ciudadana, que se desplegaron en diferentes puntos de la Costa.<\/p>\n<p>&nbsp;<\/p>\n<p>Cuando realizaban trabajos de prevenci\u00f3n en la Colonia Aviaci\u00f3n, del municipio de Santiago Jamiltepec, se logr\u00f3 la detenci\u00f3n de cinco personas del sexo masculino identificadas por las iniciales G. V. L., I. J. S. R., D. C. L., F. G. R. y J. M. C. L., por delitos contra la salud, as\u00ed como el aseguramiento de cinco kilos de marihuana, por lo cual fueron puestos a disposici\u00f3n de la autoridad ministerial para determinar su situaci\u00f3n legal correspondiente.<\/p>\n<p>&nbsp;<\/p>\n<p>Estas acciones operativas se inscriben dentro de las estrategias trazadas en las Mesas de la Coordinaci\u00f3n Estatal para la Construcci\u00f3n de La Paz y Seguridad en Oaxaca, en las que se identifican las zonas de atenci\u00f3n prioritarias.<\/p>\n<p>&nbsp;<\/p>\n<p>La Fiscal\u00eda de Oaxaca realiza este tipo de trabajos en estrecha coordinaci\u00f3n con instancias de los tres niveles de gobierno para atacar las causas con el objetivo de reducir el impacto y prevenir el fen\u00f3meno delictivo en la entidad.<\/p>\n<p><img decoding=\"async\" class=\"alignnone size-medium wp-image-7815\" src=\"https:\/\/portal.fgeo.gob.mx\/wp-content\/uploads\/2024\/11\/WhatsApp-Image-2024-11-30-at-2.41.55-PM-300x128.jpeg\" alt=\"\" width=\"300\" height=\"128\" \/><\/p>\n<figure id=\"attachment_7816\" aria-describedby=\"caption-attachment-7816\" style=\"width: 300px\" class=\"wp-caption alignnone\"><img fetchpriority=\"high\" decoding=\"async\" class=\"size-medium wp-image-7816\" src=\"https:\/\/portal.fgeo.gob.mx\/wp-content\/uploads\/2024\/11\/Dise%C3%B1o-sin-t%C3%ADtulo-4-2-300x270.jpg\" alt=\"\" width=\"300\" height=\"270\" \/><figcaption id=\"caption-attachment-7816\" class=\"wp-caption-text\">Dise\u00f1o sin t\u00edtulo &#8211; 1<\/figcaption><\/figure>\n<p><img decoding=\"async\" class=\"alignnone size-medium wp-image-7817\" src=\"https:\/\/portal.fgeo.gob.mx\/wp-content\/uploads\/2024\/11\/Dise%C3%B1o-sin-t%C3%ADtulo-3-1-300x225.jpg\" alt=\"\" width=\"300\" height=\"225\" \/> <img loading=\"lazy\" decoding=\"async\" class=\"alignnone size-medium wp-image-7818\" src=\"https:\/\/portal.fgeo.gob.mx\/wp-content\/uploads\/2024\/11\/Dise%C3%B1o-sin-t%C3%ADtulo-2-3-300x225.jpg\" alt=\"\" width=\"300\" height=\"225\" \/> <img loading=\"lazy\" decoding=\"async\" class=\"alignnone size-medium wp-image-7819\" src=\"https:\/\/portal.fgeo.gob.mx\/wp-content\/uploads\/2024\/11\/Dise%C3%B1o-sin-t%C3%ADtulo-1-5-225x300.jpg\" alt=\"\" width=\"225\" height=\"300\" \/> <img loading=\"lazy\" decoding=\"async\" class=\"alignnone size-medium wp-image-7820\" src=\"https:\/\/portal.fgeo.gob.mx\/wp-content\/uploads\/2024\/11\/Dise%C3%B1o-sin-t%C3%ADtulo-12-225x300.jpg\" alt=\"\" width=\"225\" height=\"300\" \/><\/p>\n<p>&nbsp;<\/p>\n","protected":false},"author":2,"featured_media":7806,"comment_status":"closed","ping_status":"closed","template":"","tags":[],"categoria_noticias":[],"class_list":["post-16422","noticias","type-noticias","status-publish","has-post-thumbnail","hentry"],"acf":[],"mb":[],"mfb_rest_fields":["title","gutenberg_elementor_mode"],"_links":{"self":[{"href":"https:\/\/portal.fgeo.gob.mx\/index.php\/wp-json\/wp\/v2\/noticias\/16422","targetHints":{"allow":["GET"]}}],"collection":[{"href":"https:\/\/portal.fgeo.gob.mx\/index.php\/wp-json\/wp\/v2\/noticias"}],"about":[{"href":"https:\/\/portal.fgeo.gob.mx\/index.php\/wp-json\/wp\/v2\/types\/noticias"}],"author":[{"embeddable":true,"href":"https:\/\/portal.fgeo.gob.mx\/index.php\/wp-json\/wp\/v2\/users\/2"}],"replies":[{"embeddable":true,"href":"https:\/\/portal.fgeo.gob.mx\/index.php\/wp-json\/wp\/v2\/comments?post=16422"}],"wp:featuredmedia":[{"embeddable":true,"href":"https:\/\/portal.fgeo.gob.mx\/index.php\/wp-json\/"}],"wp:attachment":[{"href":"https:\/\/portal.fgeo.gob.mx\/index.php\/wp-json\/wp\/v2\/media?parent=16422"}],"wp:term":[{"taxonomy":"post_tag","embeddable":true,"href":"https:\/\/portal.fgeo.gob.mx\/index.php\/wp-json\/wp\/v2\/tags?post=16422"},{"taxonomy":"categoria_noticias","embeddable":true,"href":"https:\/\/portal.fgeo.gob.mx\/index.php\/wp-json\/wp\/v2\/categoria_noticias?post=16422"}],"curies":[{"name":"wp","href":"https:\/\/api.w.org\/{rel}","templated":true}]}}