{"id":16421,"date":"2024-11-29T10:55:06","date_gmt":"2024-11-29T16:55:06","guid":{"rendered":"https:\/\/fge.oaxaca.gob.mx\/?post_type=noticias&amp;p=7812"},"modified":"2024-11-29T10:55:06","modified_gmt":"2024-11-29T16:55:06","slug":"boletin-1089-investigaciones-por-homicidio-de-dos-mujeres-de-origen-triqui-revelan-que-persona-detenida-por-el-caso-es-elemento-de-la-policia-estatal-fiscalia-de-oaxaca","status":"publish","type":"noticias","link":"https:\/\/portal.fgeo.gob.mx\/index.php\/archivos\/noticias\/boletin-1089-investigaciones-por-homicidio-de-dos-mujeres-de-origen-triqui-revelan-que-persona-detenida-por-el-caso-es-elemento-de-la-policia-estatal-fiscalia-de-oaxaca","title":{"rendered":"BOLET\u00cdN 1,089.- Investigaciones por homicidio de dos mujeres de origen triqui, revelan que persona detenida por el caso, es elemento de la Polic\u00eda Estatal: Fiscal\u00eda de Oaxaca"},"content":{"rendered":"<p>* Colabora SSPC para fortalecer investigaciones en torno al caso<\/p>\n<p>Oaxaca de Ju\u00e1rez, Oax. 29 de noviembre de 2024.- Derivado de las investigaciones ministeriales a cargo de la Fiscal\u00eda General del Estado de Oaxaca (FGEO) fue posible establecer que, la persona del sexo masculino identificada por las iniciales L. E. R. V., es elemento activo de la Polic\u00eda Estatal de la Secretar\u00eda de Seguridad y Protecci\u00f3n Ciudadana (SSPC), sujeto quien est\u00e1 imputado por el homicidio calificado de dos mujeres originarias de la zona triqui de la Mixteca, identificadas como V. O. G. y A. O. G., quienes fueron agredidas con disparos de arma de fuego, delito cometido en la capital de la entidad.<\/p>\n<p>Las investigaciones apuntan a que el imputado tendr\u00eda responsabilidad en la comisi\u00f3n del delito de homicidio, por ello se obtuvo la orden de aprehensi\u00f3n que hizo posible su detenci\u00f3n legal para presentarlo ante el Juez. Adem\u00e1s, que durante las labores ministeriales, la FGEO cuenta con todo el respaldo y apertura de la SSPC para realizar las investigaciones desde el primer momento.<\/p>\n<p>La Fiscal\u00eda de Oaxaca reitera su compromiso para erradicar las malas pr\u00e1cticas, como la impunidad, en los procesos de procuraci\u00f3n de justicia.<\/p>\n<p>Como resultado de las investigaciones iniciales que realiza la FGEO, a trav\u00e9s de la Fiscal\u00eda Especializada para la Atenci\u00f3n a Delitos de Alto Impacto, se estableci\u00f3 que L. E. R. V., es elemento activo de la Polic\u00eda Estatal.<\/p>\n<p>La Fiscal\u00eda de Oaxaca ci\u00f1e su actuaci\u00f3n a las facultades que le otorga la ley para aplicar el C\u00f3digo Penal Vigente del Estado como base de los trabajos ministeriales para no permitir que los delitos queden impunes.<\/p>\n<p><img fetchpriority=\"high\" decoding=\"async\" class=\"alignnone size-medium wp-image-7811\" src=\"https:\/\/portal.fgeo.gob.mx\/wp-content\/uploads\/2024\/11\/1.088-225x300.jpg\" alt=\"\" width=\"225\" height=\"300\" \/><\/p>\n","protected":false},"author":2,"featured_media":7806,"comment_status":"closed","ping_status":"closed","template":"","tags":[],"categoria_noticias":[],"class_list":["post-16421","noticias","type-noticias","status-publish","has-post-thumbnail","hentry"],"acf":[],"mb":[],"mfb_rest_fields":["title","gutenberg_elementor_mode"],"_links":{"self":[{"href":"https:\/\/portal.fgeo.gob.mx\/index.php\/wp-json\/wp\/v2\/noticias\/16421","targetHints":{"allow":["GET"]}}],"collection":[{"href":"https:\/\/portal.fgeo.gob.mx\/index.php\/wp-json\/wp\/v2\/noticias"}],"about":[{"href":"https:\/\/portal.fgeo.gob.mx\/index.php\/wp-json\/wp\/v2\/types\/noticias"}],"author":[{"embeddable":true,"href":"https:\/\/portal.fgeo.gob.mx\/index.php\/wp-json\/wp\/v2\/users\/2"}],"replies":[{"embeddable":true,"href":"https:\/\/portal.fgeo.gob.mx\/index.php\/wp-json\/wp\/v2\/comments?post=16421"}],"wp:featuredmedia":[{"embeddable":true,"href":"https:\/\/portal.fgeo.gob.mx\/index.php\/wp-json\/"}],"wp:attachment":[{"href":"https:\/\/portal.fgeo.gob.mx\/index.php\/wp-json\/wp\/v2\/media?parent=16421"}],"wp:term":[{"taxonomy":"post_tag","embeddable":true,"href":"https:\/\/portal.fgeo.gob.mx\/index.php\/wp-json\/wp\/v2\/tags?post=16421"},{"taxonomy":"categoria_noticias","embeddable":true,"href":"https:\/\/portal.fgeo.gob.mx\/index.php\/wp-json\/wp\/v2\/categoria_noticias?post=16421"}],"curies":[{"name":"wp","href":"https:\/\/api.w.org\/{rel}","templated":true}]}}