{"id":16420,"date":"2024-11-28T17:51:59","date_gmt":"2024-11-28T23:51:59","guid":{"rendered":"https:\/\/fge.oaxaca.gob.mx\/?post_type=noticias&amp;p=7810"},"modified":"2024-11-28T17:51:59","modified_gmt":"2024-11-28T23:51:59","slug":"boletin-1088-fiscalia-de-oaxaca-ejecuta-orden-de-aprehension-en-contra-de-tercer-implicado-en-el-homicidio-de-dos-mujeres-de-origen-triqui-delito-cometido-en-la-capital-de-la-entidad","status":"publish","type":"noticias","link":"https:\/\/portal.fgeo.gob.mx\/index.php\/archivos\/noticias\/boletin-1088-fiscalia-de-oaxaca-ejecuta-orden-de-aprehension-en-contra-de-tercer-implicado-en-el-homicidio-de-dos-mujeres-de-origen-triqui-delito-cometido-en-la-capital-de-la-entidad","title":{"rendered":"BOLET\u00cdN 1,088.- Fiscal\u00eda de Oaxaca ejecuta orden de aprehensi\u00f3n en contra de tercer implicado en el homicidio de dos mujeres de origen Triqui, delito cometido en la capital de la entidad"},"content":{"rendered":"<p>Oaxaca de Ju\u00e1rez, Oax. 28 de noviembre de 2024.- La Fiscal\u00eda General del Estado de Oaxaca (FGEO) detuvo y ejecut\u00f3 una orden de aprehensi\u00f3n en contra de L. E. R. V., por su probable participaci\u00f3n en el homicidio calificado de dos mujeres originarias de la zona triqui de la Mixteca, identificadas como V. O. G. y A. O. G., quienes fueron agredidas con disparos de arma de fuego, delito cometido en la capital de la entidad.<\/p>\n<p><img fetchpriority=\"high\" decoding=\"async\" class=\"alignnone size-medium wp-image-7811\" src=\"https:\/\/portal.fgeo.gob.mx\/wp-content\/uploads\/2024\/11\/1.088-225x300.jpg\" alt=\"\" width=\"225\" height=\"300\" \/><\/p>\n<p>Derivado de las investigaciones ministeriales que realiza la FGEO, a trav\u00e9s de la Fiscal\u00eda Especializada para la Atenci\u00f3n a Delitos de Alto Impacto, se logr\u00f3 establecer la mec\u00e1nica de los hechos y las rutas de persecuci\u00f3n y escape de los responsables, adem\u00e1s de la recopilaci\u00f3n de los datos de prueba que condujeron a conocer la identidad de un tercer implicado en este delito.<\/p>\n<p>A trav\u00e9s de estos actos de investigaci\u00f3n apegados a la legalidad y a la ciencia jur\u00eddica, la Fiscal\u00eda de Oaxaca solicit\u00f3 la orden de aprehensi\u00f3n correspondiente, la cual fue emitida por un Juez de Control que evalu\u00f3 los resultados preliminares de las indagatorias.<\/p>\n<p>Tras su captura, L. E. R. V. fue llevado a audiencia en la que la Fiscal\u00eda de Oaxaca realiz\u00f3 la formulaci\u00f3n de la imputaci\u00f3n y solicit\u00f3 la vinculaci\u00f3n a proceso, quedando a la espera de que el Juez de Control emita la resoluci\u00f3n en el t\u00e9rmino legal correspondiente.<\/p>\n<p>El doble homicidio ocurri\u00f3 la noche del 5 de noviembre de 2024, en calles de la colonia Francisco I. Madero en la ciudad de Oaxaca de Ju\u00e1rez, lugar donde agredieron con disparos de arma de fuego a dos mujeres identificadas como V. O. G. y A. O. G., quienes fallecieron a consecuencia de las lesiones infligidas durante el ataque.<\/p>\n<p>La Fiscal\u00eda de Oaxaca basa sus trabajos ministeriales en las herramientas legales que le dota el C\u00f3digo Penal vigente el estado de Oaxaca, lo cual permite entregar resultados confiables en materia de procuraci\u00f3n de justicia a favor de la sociedad.<\/p>\n<p>&nbsp;<\/p>\n","protected":false},"author":2,"featured_media":7806,"comment_status":"closed","ping_status":"closed","template":"","tags":[],"categoria_noticias":[],"class_list":["post-16420","noticias","type-noticias","status-publish","has-post-thumbnail","hentry"],"acf":[],"mb":[],"mfb_rest_fields":["title","gutenberg_elementor_mode"],"_links":{"self":[{"href":"https:\/\/portal.fgeo.gob.mx\/index.php\/wp-json\/wp\/v2\/noticias\/16420","targetHints":{"allow":["GET"]}}],"collection":[{"href":"https:\/\/portal.fgeo.gob.mx\/index.php\/wp-json\/wp\/v2\/noticias"}],"about":[{"href":"https:\/\/portal.fgeo.gob.mx\/index.php\/wp-json\/wp\/v2\/types\/noticias"}],"author":[{"embeddable":true,"href":"https:\/\/portal.fgeo.gob.mx\/index.php\/wp-json\/wp\/v2\/users\/2"}],"replies":[{"embeddable":true,"href":"https:\/\/portal.fgeo.gob.mx\/index.php\/wp-json\/wp\/v2\/comments?post=16420"}],"wp:featuredmedia":[{"embeddable":true,"href":"https:\/\/portal.fgeo.gob.mx\/index.php\/wp-json\/"}],"wp:attachment":[{"href":"https:\/\/portal.fgeo.gob.mx\/index.php\/wp-json\/wp\/v2\/media?parent=16420"}],"wp:term":[{"taxonomy":"post_tag","embeddable":true,"href":"https:\/\/portal.fgeo.gob.mx\/index.php\/wp-json\/wp\/v2\/tags?post=16420"},{"taxonomy":"categoria_noticias","embeddable":true,"href":"https:\/\/portal.fgeo.gob.mx\/index.php\/wp-json\/wp\/v2\/categoria_noticias?post=16420"}],"curies":[{"name":"wp","href":"https:\/\/api.w.org\/{rel}","templated":true}]}}