{"id":16418,"date":"2024-11-28T09:40:37","date_gmt":"2024-11-28T15:40:37","guid":{"rendered":"https:\/\/fge.oaxaca.gob.mx\/?post_type=noticias&amp;p=7807"},"modified":"2024-11-28T09:40:37","modified_gmt":"2024-11-28T15:40:37","slug":"boletin-1086-obtiene-fgeo-sentencia-de-12-anos-de-prision-contra-responsable-por-violacion-de-una-nina-delito-ocurrido-en-la-region-de-la-costa","status":"publish","type":"noticias","link":"https:\/\/portal.fgeo.gob.mx\/index.php\/archivos\/noticias\/boletin-1086-obtiene-fgeo-sentencia-de-12-anos-de-prision-contra-responsable-por-violacion-de-una-nina-delito-ocurrido-en-la-region-de-la-costa","title":{"rendered":"BOLET\u00cdN 1,086.- Obtiene FGEO sentencia de 12 a\u00f1os de prisi\u00f3n contra responsable por violaci\u00f3n de una ni\u00f1a, delito ocurrido en la regi\u00f3n de la Costa"},"content":{"rendered":"<p>Oaxaca de Ju\u00e1rez, Oax. 28 de noviembre de 2024.- Como resultado de los trabajos de procuraci\u00f3n de justicia a favor de ni\u00f1as, ni\u00f1os y adolescentes, la Fiscal\u00eda General del Estado de Oaxaca (FGEO) obtuvo una sentencia condenatoria de 12 a\u00f1os de prisi\u00f3n en contra de C\u00e9sar O.C.P., por su responsabilidad en la comisi\u00f3n del delito de Violaci\u00f3n Agravada, ocurrido en la regi\u00f3n de la Costa.<\/p>\n<p>Conforme a lo establecido en el expediente penal, el 08 de enero de 2024, la v\u00edctima -una ni\u00f1a, cuya identidad est\u00e1 reservada por ley- se encontraba en la playa de Santa Cruz de Bah\u00edas de Huatulco, lugar donde el imputado se acerc\u00f3 a ella para despu\u00e9s perpetrar la agresi\u00f3n.<\/p>\n<p>Ante estos hechos y tras la denuncia penal interpuesta, la FGEO inici\u00f3 la investigaci\u00f3n a trav\u00e9s de la Vicefiscal\u00eda Regional de la Costa, gracias a la cual se pudo obtener la orden de aprehensi\u00f3n y posterior detenci\u00f3n del imputado con el prop\u00f3sito de llevarlo ante el Juzgado de control que lo requiri\u00f3 para su proceso legal.<\/p>\n<p>En audiencia, y tras el desahogo de pruebas aportadas por la FGEO, el Juez de la Causa dict\u00f3 sentencia condenatoria de 12 a\u00f1os de prisi\u00f3n en contra de C\u00e9sar O.C.P., al encontrarlo responsable por la comisi\u00f3n del delito de violaci\u00f3n agravada en contra de una ni\u00f1a, adem\u00e1s que orden\u00f3 el pago de la reparaci\u00f3n del da\u00f1o en abstracto y de una multa.<\/p>\n<p>La Fiscal\u00eda General de Oaxaca reitera en los hechos, su compromiso de procurar justicia con perspectiva de g\u00e9nero e infancia, para evitar la impunidad y promover procesos de reparaci\u00f3n hacia las v\u00edctimas directas de delitos del \u00e1mbito sexual.<\/p>\n<p><img fetchpriority=\"high\" decoding=\"async\" class=\"alignnone size-medium wp-image-7808\" src=\"https:\/\/portal.fgeo.gob.mx\/wp-content\/uploads\/2024\/11\/WhatsApp-Image-2024-11-28-at-9.39.34-AM-300x300.jpeg\" alt=\"\" width=\"300\" height=\"300\" \/><\/p>\n","protected":false},"author":2,"featured_media":7806,"comment_status":"closed","ping_status":"closed","template":"","tags":[],"categoria_noticias":[],"class_list":["post-16418","noticias","type-noticias","status-publish","has-post-thumbnail","hentry"],"acf":[],"mb":[],"mfb_rest_fields":["title","gutenberg_elementor_mode"],"_links":{"self":[{"href":"https:\/\/portal.fgeo.gob.mx\/index.php\/wp-json\/wp\/v2\/noticias\/16418","targetHints":{"allow":["GET"]}}],"collection":[{"href":"https:\/\/portal.fgeo.gob.mx\/index.php\/wp-json\/wp\/v2\/noticias"}],"about":[{"href":"https:\/\/portal.fgeo.gob.mx\/index.php\/wp-json\/wp\/v2\/types\/noticias"}],"author":[{"embeddable":true,"href":"https:\/\/portal.fgeo.gob.mx\/index.php\/wp-json\/wp\/v2\/users\/2"}],"replies":[{"embeddable":true,"href":"https:\/\/portal.fgeo.gob.mx\/index.php\/wp-json\/wp\/v2\/comments?post=16418"}],"wp:featuredmedia":[{"embeddable":true,"href":"https:\/\/portal.fgeo.gob.mx\/index.php\/wp-json\/"}],"wp:attachment":[{"href":"https:\/\/portal.fgeo.gob.mx\/index.php\/wp-json\/wp\/v2\/media?parent=16418"}],"wp:term":[{"taxonomy":"post_tag","embeddable":true,"href":"https:\/\/portal.fgeo.gob.mx\/index.php\/wp-json\/wp\/v2\/tags?post=16418"},{"taxonomy":"categoria_noticias","embeddable":true,"href":"https:\/\/portal.fgeo.gob.mx\/index.php\/wp-json\/wp\/v2\/categoria_noticias?post=16418"}],"curies":[{"name":"wp","href":"https:\/\/api.w.org\/{rel}","templated":true}]}}