{"id":16413,"date":"2024-11-26T09:00:40","date_gmt":"2024-11-26T15:00:40","guid":{"rendered":"https:\/\/fge.oaxaca.gob.mx\/?post_type=noticias&amp;p=7749"},"modified":"2024-11-26T09:00:40","modified_gmt":"2024-11-26T15:00:40","slug":"boletin1079-rescata-fgeo-25-migrantes-privados-de-su-libertad-en-el-istmo-de-tehuantepec","status":"publish","type":"noticias","link":"https:\/\/portal.fgeo.gob.mx\/index.php\/archivos\/noticias\/boletin1079-rescata-fgeo-25-migrantes-privados-de-su-libertad-en-el-istmo-de-tehuantepec","title":{"rendered":"BOLET\u00cdN1,079.- Rescata FGEO 25 migrantes privados de su libertad en el Istmo de Tehuantepec"},"content":{"rendered":"<p>Oaxaca de Ju\u00e1rez, Oax., a 26 de noviembre de 2024.- Como resultado de los operativos realizados por la Fiscal\u00eda General del Estado de Oaxaca (FGEO), acciones coordinadas junto con la Secretar\u00eda de la Defensa Nacional (DEFENSA), Secretar\u00eda de Marina (SEMAR), la Guardia Nacional y la Secretar\u00eda de Seguridad P\u00fablica y Protecci\u00f3n Ciudadana de Oaxaca (SSPC), se logr\u00f3 el rescate humanitario de 25 personas migrantes que se encontraban privadas de la libertad en la regi\u00f3n del Istmo de Tehuantepec.<\/p>\n<p>El organismo procurador de justicia detall\u00f3 que esta acci\u00f3n es parte del despliegue operativo que se ha llevado a cabo en d\u00edas recientes en la regi\u00f3n del Istmo de Tehuantepec, el cual deriva de las acciones estrat\u00e9gicas de inteligencia criminal realizados en zonas de alta prioridad debido a la incidencia delictiva, lo que ha permitido la detenci\u00f3n de objetivos prioritarios, as\u00ed como el rescate humanitario de 174 personas migrantes.<\/p>\n<p>Asimismo, durante esta acci\u00f3n encabezada por la Vicefiscal\u00eda Regional del Istmo se logr\u00f3 recabar informaci\u00f3n sobre el posible secuestro de una persona, hecho que al ser indagado permiti\u00f3 ubicar y liberar a 25 personas migrantes de diferentes nacionalidades que se encontraban privadas de su libertad en el lugar conocido como \u201cHotel del Tec\u201d en Juchit\u00e1n de Zaragoza.<\/p>\n<p>Por ello, la Fiscal\u00eda de Oaxaca, en forma conjunta con elementos de la Agencia Estatal de Investigaciones, la Secretar\u00eda de la Defensa Nacional, Secretar\u00eda de Marina, la Guardia Nacional y la Polic\u00eda Estatal de Secretar\u00eda de Seguridad P\u00fablica y Protecci\u00f3n Ciudadana, despleg\u00f3 un operativo que permiti\u00f3 el rescate de las personas migrantes y asegur\u00f3 el inmueble en el que se encontraban.<\/p>\n<p>Despu\u00e9s del operativo, la FGEO solicit\u00f3 el apoyo del Instituto Nacional de Migraci\u00f3n para coadyuvar en el resguardo y traslado de las personas migrantes para ser valoradas m\u00e9dicamente.<\/p>\n<p>La Fiscal\u00eda de Oaxaca reitera su compromiso por investigar y procurar justicia en los delitos de alto impacto, por ello, realiza acciones basadas en procesos de an\u00e1lisis e inteligencia criminal que permitan atacar en forma estrat\u00e9gica las conductas delictivas y que contribuyan a fortalecer la paz y seguridad en la entidad.<\/p>\n<p><img fetchpriority=\"high\" decoding=\"async\" class=\"alignnone size-medium wp-image-7750\" src=\"https:\/\/portal.fgeo.gob.mx\/wp-content\/uploads\/2024\/11\/WhatsApp-Image-2024-11-25-at-3.39.28-PM-300x225.jpeg\" alt=\"\" width=\"300\" height=\"225\" \/><\/p>\n<p>&nbsp;<\/p>\n","protected":false},"author":2,"featured_media":7730,"comment_status":"closed","ping_status":"closed","template":"","tags":[],"categoria_noticias":[],"class_list":["post-16413","noticias","type-noticias","status-publish","has-post-thumbnail","hentry"],"acf":[],"mb":[],"mfb_rest_fields":["title","gutenberg_elementor_mode"],"_links":{"self":[{"href":"https:\/\/portal.fgeo.gob.mx\/index.php\/wp-json\/wp\/v2\/noticias\/16413","targetHints":{"allow":["GET"]}}],"collection":[{"href":"https:\/\/portal.fgeo.gob.mx\/index.php\/wp-json\/wp\/v2\/noticias"}],"about":[{"href":"https:\/\/portal.fgeo.gob.mx\/index.php\/wp-json\/wp\/v2\/types\/noticias"}],"author":[{"embeddable":true,"href":"https:\/\/portal.fgeo.gob.mx\/index.php\/wp-json\/wp\/v2\/users\/2"}],"replies":[{"embeddable":true,"href":"https:\/\/portal.fgeo.gob.mx\/index.php\/wp-json\/wp\/v2\/comments?post=16413"}],"wp:featuredmedia":[{"embeddable":true,"href":"https:\/\/portal.fgeo.gob.mx\/index.php\/wp-json\/"}],"wp:attachment":[{"href":"https:\/\/portal.fgeo.gob.mx\/index.php\/wp-json\/wp\/v2\/media?parent=16413"}],"wp:term":[{"taxonomy":"post_tag","embeddable":true,"href":"https:\/\/portal.fgeo.gob.mx\/index.php\/wp-json\/wp\/v2\/tags?post=16413"},{"taxonomy":"categoria_noticias","embeddable":true,"href":"https:\/\/portal.fgeo.gob.mx\/index.php\/wp-json\/wp\/v2\/categoria_noticias?post=16413"}],"curies":[{"name":"wp","href":"https:\/\/api.w.org\/{rel}","templated":true}]}}