{"id":16412,"date":"2024-11-25T12:59:24","date_gmt":"2024-11-25T18:59:24","guid":{"rendered":"https:\/\/fge.oaxaca.gob.mx\/?post_type=noticias&amp;p=7739"},"modified":"2024-11-25T12:59:24","modified_gmt":"2024-11-25T18:59:24","slug":"boletin-1077-fiscalia-de-oaxaca-identifica-a-agresores-de-ataque-con-armas-de-fuego-registrado-en-santiago-amoltepec","status":"publish","type":"noticias","link":"https:\/\/portal.fgeo.gob.mx\/index.php\/archivos\/noticias\/boletin-1077-fiscalia-de-oaxaca-identifica-a-agresores-de-ataque-con-armas-de-fuego-registrado-en-santiago-amoltepec","title":{"rendered":"BOLET\u00cdN 1,077.- Fiscal\u00eda de Oaxaca identifica a agresores de ataque con armas de fuego registrado en Santiago Amoltepec"},"content":{"rendered":"<p>&nbsp;<\/p>\n<p><strong>Oaxaca de Ju\u00e1rez, Oax., a 25 de noviembre de 2024.-<\/strong> Gracias a las investigaciones especializadas que realiza la Fiscal\u00eda General del Estado de Oaxaca (FGEO), fue posible identificar plenamente a algunos de los autores materiales de la agresi\u00f3n con disparos de arma de fuego que se registr\u00f3 en Santiago Amoltepec, ocurrida el 22 de noviembre de 2024.<\/p>\n<p>De acuerdo con la investigaci\u00f3n inicial que encabeza la FGEO, a trav\u00e9s de la Vicefiscal\u00eda General de Control Regional, los hechos ocurrieron el pasado viernes, cuando un grupo de pobladores participaba en los festejos realizados en calles de la agencia municipal de Barranca Oscura, en la comunidad Santiago Amoltepec.<\/p>\n<p>De pronto, se escucharon detonaciones de arma de fuego que proven\u00edan del cerro Yucunama, derivado de lo cual resultaron con lesiones tres personas adultas, que fueron atendidas y trasladadas para su atenci\u00f3n m\u00e9dica especializada.<\/p>\n<p>En tanto, la FGEO acudi\u00f3 al lugar donde realiz\u00f3 los primeros actos de investigaci\u00f3n y recab\u00f3 las primeras pistas sobre el caso, adem\u00e1s llevar a cabo las entrevistas ministeriales y cotejar con el material audiovisual que registr\u00f3 la agresi\u00f3n que, luego de analizarlos fue posible identificar a algunos de los agresores.<\/p>\n<p>Con la definici\u00f3n y focalizaci\u00f3n de las l\u00edneas de investigaci\u00f3n, la Fiscal\u00eda de Oaxaca trabaja para generar los mecanismos legales para que este acto no quede impune y llevar ante la justicia a quienes resulten responsables.<\/p>\n<p>&nbsp;<\/p>\n","protected":false},"author":2,"featured_media":7730,"comment_status":"closed","ping_status":"closed","template":"","tags":[],"categoria_noticias":[],"class_list":["post-16412","noticias","type-noticias","status-publish","has-post-thumbnail","hentry"],"acf":[],"mb":[],"mfb_rest_fields":["title","gutenberg_elementor_mode"],"_links":{"self":[{"href":"https:\/\/portal.fgeo.gob.mx\/index.php\/wp-json\/wp\/v2\/noticias\/16412","targetHints":{"allow":["GET"]}}],"collection":[{"href":"https:\/\/portal.fgeo.gob.mx\/index.php\/wp-json\/wp\/v2\/noticias"}],"about":[{"href":"https:\/\/portal.fgeo.gob.mx\/index.php\/wp-json\/wp\/v2\/types\/noticias"}],"author":[{"embeddable":true,"href":"https:\/\/portal.fgeo.gob.mx\/index.php\/wp-json\/wp\/v2\/users\/2"}],"replies":[{"embeddable":true,"href":"https:\/\/portal.fgeo.gob.mx\/index.php\/wp-json\/wp\/v2\/comments?post=16412"}],"wp:featuredmedia":[{"embeddable":true,"href":"https:\/\/portal.fgeo.gob.mx\/index.php\/wp-json\/"}],"wp:attachment":[{"href":"https:\/\/portal.fgeo.gob.mx\/index.php\/wp-json\/wp\/v2\/media?parent=16412"}],"wp:term":[{"taxonomy":"post_tag","embeddable":true,"href":"https:\/\/portal.fgeo.gob.mx\/index.php\/wp-json\/wp\/v2\/tags?post=16412"},{"taxonomy":"categoria_noticias","embeddable":true,"href":"https:\/\/portal.fgeo.gob.mx\/index.php\/wp-json\/wp\/v2\/categoria_noticias?post=16412"}],"curies":[{"name":"wp","href":"https:\/\/api.w.org\/{rel}","templated":true}]}}