{"id":16411,"date":"2024-11-25T11:19:29","date_gmt":"2024-11-25T17:19:29","guid":{"rendered":"https:\/\/fge.oaxaca.gob.mx\/?post_type=noticias&amp;p=7737"},"modified":"2024-11-25T11:19:29","modified_gmt":"2024-11-25T17:19:29","slug":"obtiene-fgeo-sentencia-de-15-anos-de-prision-contra-una-persona-por-violacion-a-una-adolescente-delito-ocurrido-en-la-region-de-la-cuenca","status":"publish","type":"noticias","link":"https:\/\/portal.fgeo.gob.mx\/index.php\/archivos\/noticias\/obtiene-fgeo-sentencia-de-15-anos-de-prision-contra-una-persona-por-violacion-a-una-adolescente-delito-ocurrido-en-la-region-de-la-cuenca","title":{"rendered":"BOLET\u00cdN 1076.- Obtiene FGEO sentencia de 15 a\u00f1os de prisi\u00f3n contra una persona por violaci\u00f3n a una adolescente, delito ocurrido en la regi\u00f3n de la Cuenca"},"content":{"rendered":"<p><strong>Oaxaca de Ju\u00e1rez, Oax., a 25 de noviembre de 2024.-<\/strong> Como resultado de los trabajos de procuraci\u00f3n de justicia a favor de ni\u00f1as, ni\u00f1os y adolescentes, la Fiscal\u00eda General del Estado de Oaxaca (FGEO) obtuvo una sentencia condenatoria de 15 a\u00f1os de prisi\u00f3n en contra de V\u00edctor R.M.V., por el delito de Violaci\u00f3n Agravada, cometido en la regi\u00f3n de la Cuenca.<\/p>\n<p>Conforme a lo establecido en el expediente penal, el 23 de junio de 2023, la v\u00edctima -una adolescente de 13 a\u00f1os de edad, cuya identidad est\u00e1 reservada por ley- se encontraba en su domicilio, localizado en la avenida Libertad en el centro del municipio de San Juan Bautista Tuxtepec, lugar donde lleg\u00f3 el imputado, se acerc\u00f3 a ella y la jal\u00f3 hacia otra locaci\u00f3n del mismo domicilio para posteriormente agredirla.<\/p>\n<p>Ante estos hechos y tras la denuncia penal interpuesta, la FGEO inici\u00f3 la investigaci\u00f3n a trav\u00e9s de la Vicefiscal\u00eda Regional de la Cuenca, gracias a la cual se pudo obtener la orden de aprehensi\u00f3n y posterior detenci\u00f3n del imputado con el prop\u00f3sito de llevarlo ante el Juzgado de control que lo requiri\u00f3 para su proceso legal.<\/p>\n<p>En audiencia, el Tribunal de enjuiciamiento evalu\u00f3 las pruebas aportadas por la FGEO y con base a ello, dict\u00f3 sentencia condenatoria de 15 a\u00f1os de prisi\u00f3n en contra de V\u00edctor R.M.V., al encontrarlo culpable del delito de violaci\u00f3n agravada en contra de una adolescente de 13 a\u00f1os de edad, adem\u00e1s que orden\u00f3 el pago de una multa econ\u00f3mica y el pago por concepto de reparaci\u00f3n del da\u00f1o en abstracto.<\/p>\n<p>La Fiscal\u00eda General reitera en los hechos, su compromiso de procurar justicia con perspectiva de g\u00e9nero e infancia y adolescencia, para evitar la impunidad y promover procesos de reparaci\u00f3n hacia las v\u00edctimas directas de delitos del \u00e1mbito sexual.<\/p>\n","protected":false},"author":2,"featured_media":7730,"comment_status":"closed","ping_status":"closed","template":"","tags":[],"categoria_noticias":[],"class_list":["post-16411","noticias","type-noticias","status-publish","has-post-thumbnail","hentry"],"acf":[],"mb":[],"mfb_rest_fields":["title","gutenberg_elementor_mode"],"_links":{"self":[{"href":"https:\/\/portal.fgeo.gob.mx\/index.php\/wp-json\/wp\/v2\/noticias\/16411","targetHints":{"allow":["GET"]}}],"collection":[{"href":"https:\/\/portal.fgeo.gob.mx\/index.php\/wp-json\/wp\/v2\/noticias"}],"about":[{"href":"https:\/\/portal.fgeo.gob.mx\/index.php\/wp-json\/wp\/v2\/types\/noticias"}],"author":[{"embeddable":true,"href":"https:\/\/portal.fgeo.gob.mx\/index.php\/wp-json\/wp\/v2\/users\/2"}],"replies":[{"embeddable":true,"href":"https:\/\/portal.fgeo.gob.mx\/index.php\/wp-json\/wp\/v2\/comments?post=16411"}],"wp:featuredmedia":[{"embeddable":true,"href":"https:\/\/portal.fgeo.gob.mx\/index.php\/wp-json\/"}],"wp:attachment":[{"href":"https:\/\/portal.fgeo.gob.mx\/index.php\/wp-json\/wp\/v2\/media?parent=16411"}],"wp:term":[{"taxonomy":"post_tag","embeddable":true,"href":"https:\/\/portal.fgeo.gob.mx\/index.php\/wp-json\/wp\/v2\/tags?post=16411"},{"taxonomy":"categoria_noticias","embeddable":true,"href":"https:\/\/portal.fgeo.gob.mx\/index.php\/wp-json\/wp\/v2\/categoria_noticias?post=16411"}],"curies":[{"name":"wp","href":"https:\/\/api.w.org\/{rel}","templated":true}]}}