{"id":16409,"date":"2024-11-22T12:39:56","date_gmt":"2024-11-22T18:39:56","guid":{"rendered":"https:\/\/fge.oaxaca.gob.mx\/?post_type=noticias&amp;p=7724"},"modified":"2024-11-22T12:39:56","modified_gmt":"2024-11-22T18:39:56","slug":"boletin-1071-fiscalia-de-oaxaca-obtiene-sentencia-condenatoria-contra-responsable-de-abuso-sexual-de-una-adolescente-cometido-en-la-region-de-la-cuenca","status":"publish","type":"noticias","link":"https:\/\/portal.fgeo.gob.mx\/index.php\/archivos\/noticias\/boletin-1071-fiscalia-de-oaxaca-obtiene-sentencia-condenatoria-contra-responsable-de-abuso-sexual-de-una-adolescente-cometido-en-la-region-de-la-cuenca","title":{"rendered":"BOLET\u00cdN 1,071.-Fiscal\u00eda de Oaxaca obtiene sentencia condenatoria contra responsable de Abuso Sexual de una adolescente, cometido en la regi\u00f3n de la Cuenca"},"content":{"rendered":"<p><strong>Oaxaca de Ju\u00e1rez, Oax., a 22 de noviembre de 2024.-<\/strong>Como resultado de las investigaciones enfocadas en garantizar los derechos a una vida libre de violencia para ni\u00f1as, ni\u00f1os y adolescentes, la Fiscal\u00eda General del Estado de Oaxaca (FGEO) obtuvo una sentencia condenatoria de 4 a\u00f1os y seis meses de prisi\u00f3n en contra de un hombre identificado como L.A.J.C., por el delito de Abuso Sexual Agravado, ocurrido en la regi\u00f3n de la Cuenca.<\/p>\n<p>De acuerdo con el expediente penal del caso, la agresi\u00f3n sexual ocurri\u00f3 en un terreno bald\u00edo, en jurisdicci\u00f3n de La Gran Lucha, comunidad perteneciente al municipio de San Juan Bautista Valle Nacional, lugar donde el imputado agredi\u00f3 a una adolescente (cuya identidad est\u00e1 reservada por ley).<\/p>\n<p>Ante estos hechos y tras la denuncia prestada, la FGEO inici\u00f3 una exhaustiva investigaci\u00f3n a trav\u00e9s de la Vicefiscal\u00eda Regional de la Cuenca, la cual permiti\u00f3 aprehender a L.A.J.C., para despu\u00e9s presentarlo ante el Juez para su proceso legal correspondiente.<\/p>\n<p>En audiencia y tras evaluar los datos de prueba emanados de las investigaciones ministeriales de la Fiscal\u00eda de Oaxaca, el Juez dict\u00f3 sentencia condenatoria de 4 a\u00f1os y 6 meses de prisi\u00f3n en contra de L.A.J.C., adem\u00e1s de imponer una multa econ\u00f3mica y el pago por concepto de reparaci\u00f3n del da\u00f1o, luego de demostrar su responsabilidad en la comisi\u00f3n del delito de abuso sexual agravado.<\/p>\n<p>La Fiscal\u00eda del Estado de Oaxaca, refrenda su compromiso de brindar una atenci\u00f3n integral a las v\u00edctimas, especialmente cuando se trata de delitos cometidos en contra de ni\u00f1as, ni\u00f1os y adolescentes a efecto de garantizar el derecho a una vida libre de violencia.<\/p>\n<p>&nbsp;<\/p>\n<p>&nbsp;<\/p>\n","protected":false},"author":2,"featured_media":7673,"comment_status":"closed","ping_status":"closed","template":"","tags":[],"categoria_noticias":[],"class_list":["post-16409","noticias","type-noticias","status-publish","has-post-thumbnail","hentry"],"acf":[],"mb":[],"mfb_rest_fields":["title","gutenberg_elementor_mode"],"_links":{"self":[{"href":"https:\/\/portal.fgeo.gob.mx\/index.php\/wp-json\/wp\/v2\/noticias\/16409","targetHints":{"allow":["GET"]}}],"collection":[{"href":"https:\/\/portal.fgeo.gob.mx\/index.php\/wp-json\/wp\/v2\/noticias"}],"about":[{"href":"https:\/\/portal.fgeo.gob.mx\/index.php\/wp-json\/wp\/v2\/types\/noticias"}],"author":[{"embeddable":true,"href":"https:\/\/portal.fgeo.gob.mx\/index.php\/wp-json\/wp\/v2\/users\/2"}],"replies":[{"embeddable":true,"href":"https:\/\/portal.fgeo.gob.mx\/index.php\/wp-json\/wp\/v2\/comments?post=16409"}],"wp:featuredmedia":[{"embeddable":true,"href":"https:\/\/portal.fgeo.gob.mx\/index.php\/wp-json\/"}],"wp:attachment":[{"href":"https:\/\/portal.fgeo.gob.mx\/index.php\/wp-json\/wp\/v2\/media?parent=16409"}],"wp:term":[{"taxonomy":"post_tag","embeddable":true,"href":"https:\/\/portal.fgeo.gob.mx\/index.php\/wp-json\/wp\/v2\/tags?post=16409"},{"taxonomy":"categoria_noticias","embeddable":true,"href":"https:\/\/portal.fgeo.gob.mx\/index.php\/wp-json\/wp\/v2\/categoria_noticias?post=16409"}],"curies":[{"name":"wp","href":"https:\/\/api.w.org\/{rel}","templated":true}]}}