{"id":16408,"date":"2024-11-20T13:41:25","date_gmt":"2024-11-20T19:41:25","guid":{"rendered":"https:\/\/fge.oaxaca.gob.mx\/?post_type=noticias&amp;p=7708"},"modified":"2024-11-20T13:41:25","modified_gmt":"2024-11-20T19:41:25","slug":"boletin-1068-logra-fiscalia-de-oaxaca-vinculacion-a-proceso-y-prision-contra-dos-personas-extranjeras-por-secuestro-agravado-de-71-personas-migrantes-en-el-istmo-de-tehuantepec","status":"publish","type":"noticias","link":"https:\/\/portal.fgeo.gob.mx\/index.php\/archivos\/noticias\/boletin-1068-logra-fiscalia-de-oaxaca-vinculacion-a-proceso-y-prision-contra-dos-personas-extranjeras-por-secuestro-agravado-de-71-personas-migrantes-en-el-istmo-de-tehuantepec","title":{"rendered":"BOLET\u00cdN 1,068.- Logra Fiscal\u00eda de Oaxaca vinculaci\u00f3n a proceso y prisi\u00f3n contra dos personas extranjeras por secuestro agravado de 71 personas migrantes en el Istmo de Tehuantepec"},"content":{"rendered":"<p>&#8211; Gracias a inteligencia criminal, se logr\u00f3 el rescate de personas migrantes originarias de Venezuela, Ecuador, Chile, \u00c1frica y Colombia<\/p>\n<p><strong>Oaxaca de Ju\u00e1rez, Oax., a 20 de noviembre de 2024.- <\/strong>La Fiscal\u00eda General del Estado de Oaxaca (FGEO) obtuvo auto de vinculaci\u00f3n a proceso y prisi\u00f3n en contra de dos personas, una del sexo masculino identificada como V.M.A.M., y una mujer identificada como F.L.J.A., ambos de origen extranjero, por el delito de secuestro agravado, al privar de la libertad a 71 personas migrantes en la regi\u00f3n del Istmo.<\/p>\n<p>De acuerdo con el expediente penal del caso, entre octubre y noviembre (diferentes fechas) las v\u00edctimas fueron privadas de la libertad y llevadas a un domicilio particular ubicado en la colonia Gustavo Pineda de la Cruz, en el municipio de Juchit\u00e1n de Zaragoza.<\/p>\n<p>Como resultado de los trabajos de inteligencia criminal llevados a cabo por la Vicefiscal\u00eda Regional del Istmo, se obtuvo informaci\u00f3n sobre el paradero de las personas migrantes, por lo que se realiz\u00f3 un cateo, encabezado por elementos de la Agencia Estatal de Investigaciones (AEI) en colaboraci\u00f3n con la Secretar\u00eda de Marina (Semar), Polic\u00eda Estatal y la Guardia Nacional (GN), acci\u00f3n en la fueron detenidos V.M.A.M. y F.L.J.A.<\/p>\n<p>La investigaci\u00f3n revela que, los imputados se encargaban de cuidar a las personas migrantes y realizar llamadas telef\u00f3nicas a sus familiares para exigir dinero en efectivo como pago para dejarlas en libertad.<\/p>\n<p>Cabe mencionar que, de las 71 personas migrantes que se encontraban privadas de su libertad, 25 son de origen venezolano, 7 de Colombia, 1 de Chile, 3 de Honduras, 1 del Salvador, 1 de Per\u00fa, 32 de Ecuador y 1 originaria del continente africano, entre ellos, se encontraban 19 menores de edad, mismos que fueron puestos a disposici\u00f3n del Instituto Nacional de Migraci\u00f3n para su resguardo, traslado y atenci\u00f3n m\u00e9dica.<\/p>\n<p>Ante estos hechos y tras la valoraci\u00f3n de pruebas aportadas por la FGEO, el Juez de la causa dict\u00f3 auto de vinculaci\u00f3n a proceso en contra de V.M.A.M. y F.L.J.A., por el delito de secuestro agravado, adem\u00e1s de imponerles la medida cautelar de prisi\u00f3n preventiva oficiosa y otorgarles dos meses para el cierre de la investigaci\u00f3n complementaria.<\/p>\n<p>Los trabajos de combate al secuestro que realiza la Fiscal\u00eda de Oaxaca se efect\u00faan en estricto apego a los protocolos de actuaci\u00f3n en la materia para dar certeza a las v\u00edctimas directas e indirectas, para que tengan pleno acceso a la justicia.<\/p>\n<p>&nbsp;<\/p>\n<p><img fetchpriority=\"high\" decoding=\"async\" class=\"alignnone size-medium wp-image-7709\" src=\"https:\/\/portal.fgeo.gob.mx\/wp-content\/uploads\/2024\/11\/465985024_1001807438652613_3921763988851627515_n-245x300.jpg\" alt=\"\" width=\"245\" height=\"300\" \/> <img decoding=\"async\" class=\"alignnone size-medium wp-image-7710\" src=\"https:\/\/portal.fgeo.gob.mx\/wp-content\/uploads\/2024\/11\/1-286x300.jpg\" alt=\"\" width=\"286\" height=\"300\" \/><\/p>\n","protected":false},"author":2,"featured_media":7673,"comment_status":"closed","ping_status":"closed","template":"","tags":[],"categoria_noticias":[],"class_list":["post-16408","noticias","type-noticias","status-publish","has-post-thumbnail","hentry"],"acf":[],"mb":[],"mfb_rest_fields":["title","gutenberg_elementor_mode"],"_links":{"self":[{"href":"https:\/\/portal.fgeo.gob.mx\/index.php\/wp-json\/wp\/v2\/noticias\/16408","targetHints":{"allow":["GET"]}}],"collection":[{"href":"https:\/\/portal.fgeo.gob.mx\/index.php\/wp-json\/wp\/v2\/noticias"}],"about":[{"href":"https:\/\/portal.fgeo.gob.mx\/index.php\/wp-json\/wp\/v2\/types\/noticias"}],"author":[{"embeddable":true,"href":"https:\/\/portal.fgeo.gob.mx\/index.php\/wp-json\/wp\/v2\/users\/2"}],"replies":[{"embeddable":true,"href":"https:\/\/portal.fgeo.gob.mx\/index.php\/wp-json\/wp\/v2\/comments?post=16408"}],"wp:featuredmedia":[{"embeddable":true,"href":"https:\/\/portal.fgeo.gob.mx\/index.php\/wp-json\/"}],"wp:attachment":[{"href":"https:\/\/portal.fgeo.gob.mx\/index.php\/wp-json\/wp\/v2\/media?parent=16408"}],"wp:term":[{"taxonomy":"post_tag","embeddable":true,"href":"https:\/\/portal.fgeo.gob.mx\/index.php\/wp-json\/wp\/v2\/tags?post=16408"},{"taxonomy":"categoria_noticias","embeddable":true,"href":"https:\/\/portal.fgeo.gob.mx\/index.php\/wp-json\/wp\/v2\/categoria_noticias?post=16408"}],"curies":[{"name":"wp","href":"https:\/\/api.w.org\/{rel}","templated":true}]}}