{"id":16406,"date":"2024-11-19T15:30:33","date_gmt":"2024-11-19T21:30:33","guid":{"rendered":"https:\/\/fge.oaxaca.gob.mx\/?post_type=noticias&amp;p=7705"},"modified":"2024-11-19T15:30:33","modified_gmt":"2024-11-19T21:30:33","slug":"boletin-1065-fiscalia-de-oaxaca-obtiene-fallo-condenatorio-de-17-anos-por-violacion-de-persona-con-discapacidad-hechos-ocurridos-en-la-region-del-papaloapan","status":"publish","type":"noticias","link":"https:\/\/portal.fgeo.gob.mx\/index.php\/archivos\/noticias\/boletin-1065-fiscalia-de-oaxaca-obtiene-fallo-condenatorio-de-17-anos-por-violacion-de-persona-con-discapacidad-hechos-ocurridos-en-la-region-del-papaloapan","title":{"rendered":"BOLET\u00cdN 1,065.- Fiscal\u00eda de Oaxaca obtiene fallo condenatorio de 17 a\u00f1os por violaci\u00f3n de persona con discapacidad, hechos ocurridos en la regi\u00f3n del Papaloapan"},"content":{"rendered":"<p><strong>Oaxaca de Ju\u00e1rez, Oax., a 19 de noviembre de 2024<\/strong>.- La Fiscal\u00eda General del Estado de Oaxaca (FGEO) obtuvo fallo condenatorio de 17 a\u00f1os de prisi\u00f3n contra una persona del sexo masculino identificada como Asael R.V., por la comisi\u00f3n del delito de violaci\u00f3n equiparada en agravio de R.M.R. (persona diagnosticada con discapacidad intelectual), cometido en el municipio de Acatl\u00e1n de P\u00e9rez Figueroa, perteneciente al Distrito de Tuxtepec, en la regi\u00f3n de la Cuenca del Papaloapan.<\/p>\n<p>De acuerdo con lo asentado en el expediente penal, los hechos sucedieron el 15 de abril de 2023, en un domicilio particular ubicado en la localidad Arroyo de Pita, jurisdicci\u00f3n de Acatl\u00e1n de P\u00e9rez Figueroa, sitio en donde la v\u00edctima sufri\u00f3 una agresi\u00f3n sexual.<\/p>\n<p>Cuando la FGEO tom\u00f3 conocimiento del caso, inici\u00f3 las investigaciones correspondientes a trav\u00e9s de las \u00e1reas especializadas pertenecientes a la Vicefiscal\u00eda Regional de la Cuenca, gracias a las cuales se logr\u00f3 ejecutar una orden de aprehensi\u00f3n en contra de Asael R.V., quedando a disposici\u00f3n de la autoridad que conoce la causa.<\/p>\n<p>En audiencia, y tras validar los datos de prueba aportados por la Fiscal\u00eda de Oaxaca, el Juez de la causa dict\u00f3 fallo condenatorio e impuso una pena de 17 a\u00f1os de prisi\u00f3n contra Asael R.V., por su responsabilidad en la comisi\u00f3n del delito de violaci\u00f3n equiparada, adem\u00e1s de que tendr\u00e1 que pagar una cantidad econ\u00f3mica por concepto de reparaci\u00f3n del da\u00f1o.<\/p>\n<p>La Fiscal\u00eda de Oaxaca garantiza justicia plena a v\u00edctimas de delitos sexuales, realizando investigaciones exhaustivas y aplicando todo el rigor de la Ley a quien o quienes resulten responsables.<\/p>\n<p>&nbsp;<\/p>\n","protected":false},"author":2,"featured_media":7673,"comment_status":"closed","ping_status":"closed","template":"","tags":[],"categoria_noticias":[],"class_list":["post-16406","noticias","type-noticias","status-publish","has-post-thumbnail","hentry"],"acf":[],"mb":[],"mfb_rest_fields":["title","gutenberg_elementor_mode"],"_links":{"self":[{"href":"https:\/\/portal.fgeo.gob.mx\/index.php\/wp-json\/wp\/v2\/noticias\/16406","targetHints":{"allow":["GET"]}}],"collection":[{"href":"https:\/\/portal.fgeo.gob.mx\/index.php\/wp-json\/wp\/v2\/noticias"}],"about":[{"href":"https:\/\/portal.fgeo.gob.mx\/index.php\/wp-json\/wp\/v2\/types\/noticias"}],"author":[{"embeddable":true,"href":"https:\/\/portal.fgeo.gob.mx\/index.php\/wp-json\/wp\/v2\/users\/2"}],"replies":[{"embeddable":true,"href":"https:\/\/portal.fgeo.gob.mx\/index.php\/wp-json\/wp\/v2\/comments?post=16406"}],"wp:featuredmedia":[{"embeddable":true,"href":"https:\/\/portal.fgeo.gob.mx\/index.php\/wp-json\/"}],"wp:attachment":[{"href":"https:\/\/portal.fgeo.gob.mx\/index.php\/wp-json\/wp\/v2\/media?parent=16406"}],"wp:term":[{"taxonomy":"post_tag","embeddable":true,"href":"https:\/\/portal.fgeo.gob.mx\/index.php\/wp-json\/wp\/v2\/tags?post=16406"},{"taxonomy":"categoria_noticias","embeddable":true,"href":"https:\/\/portal.fgeo.gob.mx\/index.php\/wp-json\/wp\/v2\/categoria_noticias?post=16406"}],"curies":[{"name":"wp","href":"https:\/\/api.w.org\/{rel}","templated":true}]}}