{"id":16405,"date":"2024-11-19T12:22:56","date_gmt":"2024-11-19T18:22:56","guid":{"rendered":"https:\/\/fge.oaxaca.gob.mx\/?post_type=noticias&amp;p=7701"},"modified":"2024-11-19T12:22:56","modified_gmt":"2024-11-19T18:22:56","slug":"boletin-1064-fiscalia-de-oaxaca-obtiene-vinculacion-a-proceso-contra-tres-personas-por-el-delito-de-lesiones-culposas-en-agravio-de-un-nino-luego-de-agresion-de-perros-ocurrida-en-san-pedro-pochut","status":"publish","type":"noticias","link":"https:\/\/portal.fgeo.gob.mx\/index.php\/archivos\/noticias\/boletin-1064-fiscalia-de-oaxaca-obtiene-vinculacion-a-proceso-contra-tres-personas-por-el-delito-de-lesiones-culposas-en-agravio-de-un-nino-luego-de-agresion-de-perros-ocurrida-en-san-pedro-pochut","title":{"rendered":"BOLET\u00cdN 1,064.- Fiscal\u00eda de Oaxaca obtiene vinculaci\u00f3n a proceso contra tres personas por el delito de lesiones culposas en agravio de un ni\u00f1o, luego de agresi\u00f3n de perros ocurrida en San Pedro Pochutla"},"content":{"rendered":"<p><strong>Oaxaca de Ju\u00e1rez, Oax., a 19 de noviembre de 2024<\/strong>.- La Fiscal\u00eda General del Estado de Oaxaca (FGEO) obtuvo vinculaci\u00f3n a proceso contra tres personas, entre ellas una mujer identificada como E.M.G. y dos personas del sexo masculino identificadas como P.L.O.G.L. y E.R.M., por el delito de Lesiones Culposas en agravio de un menor de edad, tras una agresi\u00f3n de unos perros, hechos cometidos en la regi\u00f3n de la Costa.<\/p>\n<p>De acuerdo con el expediente penal del caso, los hechos ocurrieron el 23 de febrero de 2024, en un domicilio particular ubicado en la localidad de Arroyo Cruz, en el municipio de San Pedro Pochutla, cuando la v\u00edctima fue atacada por unos perros -propiedad de los imputados-, los cuales ocasionaron diversas lesiones en diferentes partes del cuerpo de la v\u00edctima.<\/p>\n<p>Tras estos hechos, la Fiscal\u00eda de Oaxaca inici\u00f3 las investigaciones correspondientes, a trav\u00e9s de la Vicefiscal\u00eda Regional de la Costa, las cuales permitieron la detenci\u00f3n de los due\u00f1os de los animales, quienes fueron presentados ante el Juez que conoce la causa.<\/p>\n<p>Derivado de los datos de prueba aportados por la Fiscal\u00eda General de Oaxaca, el Juez de Control determin\u00f3 vincular a proceso a E.M.G., P.L.O.G.L. y E.R.M., por el delito de lesiones culposas, adem\u00e1s de imponer medidas cautelares, quedando pendiente la audiencia de cumplimiento de acuerdo reparatorio.<\/p>\n<p>La Fiscal\u00eda General de Oaxaca reitera su compromiso de brindar acompa\u00f1amiento a las v\u00edctimas directas e indirectas para que logren una reparaci\u00f3n integral del da\u00f1o, pues es prioridad del organismo procurador de justicia la protecci\u00f3n de los derechos de las v\u00edctimas, por lo que realizar\u00e1 todas las acciones necesarias para que no haya impunidad en este caso.<\/p>\n<figure id=\"attachment_7702\" aria-describedby=\"caption-attachment-7702\" style=\"width: 250px\" class=\"wp-caption alignnone\"><img fetchpriority=\"high\" decoding=\"async\" class=\"size-medium wp-image-7702\" src=\"https:\/\/portal.fgeo.gob.mx\/wp-content\/uploads\/2024\/11\/Dise%C3%B1o-sin-t%C3%ADtulo-10-250x300.jpg\" alt=\"\" width=\"250\" height=\"300\" \/><figcaption id=\"caption-attachment-7702\" class=\"wp-caption-text\">Dise\u00f1o sin t\u00edtulo &#8211; 1<\/figcaption><\/figure>\n<figure id=\"attachment_7703\" aria-describedby=\"caption-attachment-7703\" style=\"width: 300px\" class=\"wp-caption alignnone\"><img decoding=\"async\" class=\"size-medium wp-image-7703\" src=\"https:\/\/portal.fgeo.gob.mx\/wp-content\/uploads\/2024\/11\/Dise%C3%B1o-sin-t%C3%ADtulo-1-3-300x274.jpg\" alt=\"\" width=\"300\" height=\"274\" \/><figcaption id=\"caption-attachment-7703\" class=\"wp-caption-text\">Dise\u00f1o sin t\u00edtulo &#8211; 1<\/figcaption><\/figure>\n<figure id=\"attachment_7704\" aria-describedby=\"caption-attachment-7704\" style=\"width: 280px\" class=\"wp-caption alignnone\"><img decoding=\"async\" class=\"size-medium wp-image-7704\" src=\"https:\/\/portal.fgeo.gob.mx\/wp-content\/uploads\/2024\/11\/Dise%C3%B1o-sin-t%C3%ADtulo-2-2-280x300.jpg\" alt=\"\" width=\"280\" height=\"300\" \/><figcaption id=\"caption-attachment-7704\" class=\"wp-caption-text\">Dise\u00f1o sin t\u00edtulo &#8211; 1<\/figcaption><\/figure>\n","protected":false},"author":2,"featured_media":7673,"comment_status":"closed","ping_status":"closed","template":"","tags":[],"categoria_noticias":[],"class_list":["post-16405","noticias","type-noticias","status-publish","has-post-thumbnail","hentry"],"acf":[],"mb":[],"mfb_rest_fields":["title","gutenberg_elementor_mode"],"_links":{"self":[{"href":"https:\/\/portal.fgeo.gob.mx\/index.php\/wp-json\/wp\/v2\/noticias\/16405","targetHints":{"allow":["GET"]}}],"collection":[{"href":"https:\/\/portal.fgeo.gob.mx\/index.php\/wp-json\/wp\/v2\/noticias"}],"about":[{"href":"https:\/\/portal.fgeo.gob.mx\/index.php\/wp-json\/wp\/v2\/types\/noticias"}],"author":[{"embeddable":true,"href":"https:\/\/portal.fgeo.gob.mx\/index.php\/wp-json\/wp\/v2\/users\/2"}],"replies":[{"embeddable":true,"href":"https:\/\/portal.fgeo.gob.mx\/index.php\/wp-json\/wp\/v2\/comments?post=16405"}],"wp:featuredmedia":[{"embeddable":true,"href":"https:\/\/portal.fgeo.gob.mx\/index.php\/wp-json\/"}],"wp:attachment":[{"href":"https:\/\/portal.fgeo.gob.mx\/index.php\/wp-json\/wp\/v2\/media?parent=16405"}],"wp:term":[{"taxonomy":"post_tag","embeddable":true,"href":"https:\/\/portal.fgeo.gob.mx\/index.php\/wp-json\/wp\/v2\/tags?post=16405"},{"taxonomy":"categoria_noticias","embeddable":true,"href":"https:\/\/portal.fgeo.gob.mx\/index.php\/wp-json\/wp\/v2\/categoria_noticias?post=16405"}],"curies":[{"name":"wp","href":"https:\/\/api.w.org\/{rel}","templated":true}]}}