{"id":16403,"date":"2024-11-17T19:17:38","date_gmt":"2024-11-18T01:17:38","guid":{"rendered":"https:\/\/fge.oaxaca.gob.mx\/?post_type=noticias&amp;p=7691"},"modified":"2024-11-17T19:17:38","modified_gmt":"2024-11-18T01:17:38","slug":"boletin-1062-fgeo-detiene-a-una-persona-investigacion-lo-involucra-en-asalto-a-joyeria-ubicada-en-andador-turistico-de-la-capital","status":"publish","type":"noticias","link":"https:\/\/portal.fgeo.gob.mx\/index.php\/archivos\/noticias\/boletin-1062-fgeo-detiene-a-una-persona-investigacion-lo-involucra-en-asalto-a-joyeria-ubicada-en-andador-turistico-de-la-capital","title":{"rendered":"BOLET\u00cdN 1,062.- FGEO detiene a una persona, investigaci\u00f3n lo involucra en asalto a joyer\u00eda ubicada en Andador Tur\u00edstico de la capital"},"content":{"rendered":"<p><strong>Oaxaca de Ju\u00e1rez, Oax., a 17 de noviembre de 2024<\/strong>.- Menos de 72 horas despu\u00e9s de ocurrido el hecho, La Fiscal\u00eda General del Estado de Oaxaca (FGEO) detuvo a una persona del sexo masculino identificado como A.G.B., quien de acuerdo con los trabajos de inteligencia criminal se estableci\u00f3 que, estar\u00eda vinculado al robo de una joyer\u00eda en el centro hist\u00f3rico de la ciudad.<\/p>\n<p>&nbsp;<\/p>\n<p>Una vez que la Fiscal\u00eda de Oaxaca tuvo conocimiento del caso inici\u00f3 las investigaciones a trav\u00e9s de la Vicefiscal\u00eda de Valles Centrales, lo que permiti\u00f3 obtener informaci\u00f3n del imputado, quien fue detenido y posteriormente presentado ante la autoridad correspondiente para que se determine su situaci\u00f3n jur\u00eddica.<\/p>\n<p>&nbsp;<\/p>\n<p>El empleo de protocolos y t\u00e9cnicas cient\u00edficas acompa\u00f1adas de trabajos de inteligencia criminal, permitieron encontrar indicios de que A. G. B. tiene un grado de responsabilidad en la comisi\u00f3n del asalto cometido el pasado 13 de noviembre en una joyer\u00eda localizada en el andador tur\u00edstico de la ciudad de Oaxaca de Ju\u00e1rez.<\/p>\n<p>&nbsp;<\/p>\n<p>Entre las pertenencias aseguradas al detenido encontraron aditamentos presumiblemente usados para perpetrar el crimen.<\/p>\n<p>&nbsp;<\/p>\n<p>Adem\u00e1s, que la FGEO logr\u00f3 establecer el modus operandi de una banda delictiva dedicada al asalto de establecimientos y casa-habitaci\u00f3n, por lo que las investigaciones ministeriales se ampliaron para dar con el paradero de los dem\u00e1s responsables<\/p>\n<p>&nbsp;<\/p>\n<p>La Fiscal\u00eda General del Estado de Oaxaca continua realizando las indagatorias para establecer l\u00edneas de investigaci\u00f3n s\u00f3lidas que permitan dar con quien o quienes resulten responsables de los delitos y con ello garantizar procesos de procuraci\u00f3n adecuados a las v\u00edctimas.<\/p>\n<figure id=\"attachment_7692\" aria-describedby=\"caption-attachment-7692\" style=\"width: 300px\" class=\"wp-caption alignnone\"><img fetchpriority=\"high\" decoding=\"async\" class=\"size-medium wp-image-7692\" src=\"https:\/\/portal.fgeo.gob.mx\/wp-content\/uploads\/2024\/11\/Dise%C3%B1o-sin-t%C3%ADtulo-8-300x290.jpg\" alt=\"\" width=\"300\" height=\"290\" \/><figcaption id=\"caption-attachment-7692\" class=\"wp-caption-text\">Dise\u00f1o sin t\u00edtulo &#8211; 1<\/figcaption><\/figure>\n","protected":false},"author":2,"featured_media":7673,"comment_status":"closed","ping_status":"closed","template":"","tags":[],"categoria_noticias":[],"class_list":["post-16403","noticias","type-noticias","status-publish","has-post-thumbnail","hentry"],"acf":[],"mb":[],"mfb_rest_fields":["title","gutenberg_elementor_mode"],"_links":{"self":[{"href":"https:\/\/portal.fgeo.gob.mx\/index.php\/wp-json\/wp\/v2\/noticias\/16403","targetHints":{"allow":["GET"]}}],"collection":[{"href":"https:\/\/portal.fgeo.gob.mx\/index.php\/wp-json\/wp\/v2\/noticias"}],"about":[{"href":"https:\/\/portal.fgeo.gob.mx\/index.php\/wp-json\/wp\/v2\/types\/noticias"}],"author":[{"embeddable":true,"href":"https:\/\/portal.fgeo.gob.mx\/index.php\/wp-json\/wp\/v2\/users\/2"}],"replies":[{"embeddable":true,"href":"https:\/\/portal.fgeo.gob.mx\/index.php\/wp-json\/wp\/v2\/comments?post=16403"}],"wp:featuredmedia":[{"embeddable":true,"href":"https:\/\/portal.fgeo.gob.mx\/index.php\/wp-json\/"}],"wp:attachment":[{"href":"https:\/\/portal.fgeo.gob.mx\/index.php\/wp-json\/wp\/v2\/media?parent=16403"}],"wp:term":[{"taxonomy":"post_tag","embeddable":true,"href":"https:\/\/portal.fgeo.gob.mx\/index.php\/wp-json\/wp\/v2\/tags?post=16403"},{"taxonomy":"categoria_noticias","embeddable":true,"href":"https:\/\/portal.fgeo.gob.mx\/index.php\/wp-json\/wp\/v2\/categoria_noticias?post=16403"}],"curies":[{"name":"wp","href":"https:\/\/api.w.org\/{rel}","templated":true}]}}