{"id":16397,"date":"2024-11-14T13:36:55","date_gmt":"2024-11-14T19:36:55","guid":{"rendered":"https:\/\/fge.oaxaca.gob.mx\/?post_type=noticias&amp;p=7672"},"modified":"2024-11-14T13:36:55","modified_gmt":"2024-11-14T19:36:55","slug":"boletin-1056-fiscalia-de-oaxaca-ejecuta-orden-de-aprehension-y-detiene-a-tres-personas-por-secuestro-cometido-en-tuxtepec","status":"publish","type":"noticias","link":"https:\/\/portal.fgeo.gob.mx\/index.php\/archivos\/noticias\/boletin-1056-fiscalia-de-oaxaca-ejecuta-orden-de-aprehension-y-detiene-a-tres-personas-por-secuestro-cometido-en-tuxtepec","title":{"rendered":"BOLET\u00cdN 1,056.-Fiscal\u00eda de Oaxaca ejecuta orden de aprehensi\u00f3n y detiene a tres personas por secuestro cometido en Tuxtepec"},"content":{"rendered":"<p>&nbsp;<\/p>\n<p>* Trabajos de inteligencia criminal fortalecen investigaci\u00f3n ministerial para dar con el paradero de los probables responsables<\/p>\n<p><strong>\u00a0<\/strong><strong>Oaxaca de Ju\u00e1rez, Oax., a 14 de noviembre de 2024.-<\/strong>\u00a0La Fiscal\u00eda General del Estado de Oaxaca (FGEO) ejecut\u00f3 una orden de aprehensi\u00f3n en contra de tres personas, entre ellas dos mujeres identificadas como A.D.H.A. y J.H.P. y una persona del sexo masculino identificado como J.E.B.H., por el delito de secuestro en agravio de S. R. R., cometido en la regi\u00f3n de la Cuenca del Papaloapan.<\/p>\n<p>De acuerdo con el expediente penal del caso, los hechos sucedieron en el municipio de San Juan Bautista Tuxtepec, el 6 de noviembre de 2024, momento en que iniciaron las investigaciones ministeriales, cuando un grupo de personas priv\u00f3 de la libertad a la v\u00edctima, una persona del sexo masculino identificada como S. R. R., para despu\u00e9s solicitar el pago de un rescate para su liberaci\u00f3n. En tanto que, la v\u00edctima fue localizada sin vida el 11 de noviembre de 2024.<\/p>\n<p>Derivado de los trabajos de investigaci\u00f3n encabezados por la FGEO, a trav\u00e9s de la Fiscal\u00eda Especializada para la Atenci\u00f3n a Delitos de Alto Impacto que activ\u00f3 a la Unidad Especializada de Combate al Secuestro (UECS), se logr\u00f3 establecer el probable paradero de las personas que tendr\u00edan alg\u00fan grado de responsabilidad en los hechos, por lo que se llevaron a cabo operativos simult\u00e1neos que permitieron la detenci\u00f3n de J.E.B.H., A.D.H.A. y J.H.P.<\/p>\n<p>Las personas detenidas quedaron a disposici\u00f3n del agente del Ministerio P\u00fablico para dar seguimiento y continuidad a las investigaciones con el objetivo de definir su situaci\u00f3n legal.<\/p>\n<p>Los trabajos de combate al secuestro que realiza la Fiscal\u00eda de Oaxaca se efect\u00faan en estricto apego a los protocolos de actuaci\u00f3n en la materia para dar certeza a las v\u00edctimas directas e indirectas, para que tengan pleno acceso a la justicia.<\/p>\n<p><img fetchpriority=\"high\" decoding=\"async\" class=\"alignnone size-medium wp-image-7674\" src=\"https:\/\/portal.fgeo.gob.mx\/wp-content\/uploads\/2024\/11\/1056-1-263x300.jpeg\" alt=\"\" width=\"263\" height=\"300\" \/> <img decoding=\"async\" class=\"alignnone size-medium wp-image-7675\" src=\"https:\/\/portal.fgeo.gob.mx\/wp-content\/uploads\/2024\/11\/1056-2-255x300.jpeg\" alt=\"\" width=\"255\" height=\"300\" \/> <img decoding=\"async\" class=\"alignnone size-medium wp-image-7676\" src=\"https:\/\/portal.fgeo.gob.mx\/wp-content\/uploads\/2024\/11\/1056-3-240x300.jpeg\" alt=\"\" width=\"240\" height=\"300\" \/><\/p>\n","protected":false},"author":2,"featured_media":7673,"comment_status":"closed","ping_status":"closed","template":"","tags":[],"categoria_noticias":[],"class_list":["post-16397","noticias","type-noticias","status-publish","has-post-thumbnail","hentry"],"acf":[],"mb":[],"mfb_rest_fields":["title","gutenberg_elementor_mode"],"_links":{"self":[{"href":"https:\/\/portal.fgeo.gob.mx\/index.php\/wp-json\/wp\/v2\/noticias\/16397","targetHints":{"allow":["GET"]}}],"collection":[{"href":"https:\/\/portal.fgeo.gob.mx\/index.php\/wp-json\/wp\/v2\/noticias"}],"about":[{"href":"https:\/\/portal.fgeo.gob.mx\/index.php\/wp-json\/wp\/v2\/types\/noticias"}],"author":[{"embeddable":true,"href":"https:\/\/portal.fgeo.gob.mx\/index.php\/wp-json\/wp\/v2\/users\/2"}],"replies":[{"embeddable":true,"href":"https:\/\/portal.fgeo.gob.mx\/index.php\/wp-json\/wp\/v2\/comments?post=16397"}],"wp:featuredmedia":[{"embeddable":true,"href":"https:\/\/portal.fgeo.gob.mx\/index.php\/wp-json\/"}],"wp:attachment":[{"href":"https:\/\/portal.fgeo.gob.mx\/index.php\/wp-json\/wp\/v2\/media?parent=16397"}],"wp:term":[{"taxonomy":"post_tag","embeddable":true,"href":"https:\/\/portal.fgeo.gob.mx\/index.php\/wp-json\/wp\/v2\/tags?post=16397"},{"taxonomy":"categoria_noticias","embeddable":true,"href":"https:\/\/portal.fgeo.gob.mx\/index.php\/wp-json\/wp\/v2\/categoria_noticias?post=16397"}],"curies":[{"name":"wp","href":"https:\/\/api.w.org\/{rel}","templated":true}]}}