{"id":16393,"date":"2024-11-12T10:51:14","date_gmt":"2024-11-12T16:51:14","guid":{"rendered":"https:\/\/fge.oaxaca.gob.mx\/?post_type=noticias&amp;p=7658"},"modified":"2024-11-12T10:51:14","modified_gmt":"2024-11-12T16:51:14","slug":"boletin-1051-realizan-cateo-en-domicilio-de-puerto-escondido-por-crueldad-animal-rescatan-a-dos-perros-y-detienen-a-una-persona","status":"publish","type":"noticias","link":"https:\/\/portal.fgeo.gob.mx\/index.php\/archivos\/noticias\/boletin-1051-realizan-cateo-en-domicilio-de-puerto-escondido-por-crueldad-animal-rescatan-a-dos-perros-y-detienen-a-una-persona","title":{"rendered":"BOLET\u00cdN 1,051.-Realizan cateo en domicilio de Puerto Escondido por crueldad animal, rescatan a dos perros y detienen a una persona"},"content":{"rendered":"<p><strong>Oaxaca de Ju\u00e1rez, Oax., a 12 de noviembre de 2024.-<\/strong>\u00a0La Fiscal\u00eda General del Estado de Oaxaca (FGEO) rescat\u00f3 a dos perros y detuvo a una persona durante un cateo realizado en la regi\u00f3n de la Costa, acciones derivadas de los trabajos alrededor de una denuncia por el delito de Crueldad Animal.<\/p>\n<p>Como resultado de las investigaciones efectuadas por la Vicefiscal\u00eda Regional de la Costa tras recibir una denuncia por crueldad animal, un grupo de elementos de la Agencia Estatal de Investigaciones dio cumplimiento a un mandato judicial por el cual se realiz\u00f3 un cateo al interior de un domicilio localizado en Puerto Escondido, en San Pedro Mixtepec.<\/p>\n<p>Al realizar el operativo se realiz\u00f3 el aseguramiento de una persona del sexo masculino identificada como C. O. S. G., tras oponerse a qu\u00e9 el personal de la FGEO ingresara al inmueble para llevar a cabo dicho cateo, por lo que fue trasladado de inmediato a la Vicefiscal\u00eda Regional de la Costa para realizar los tr\u00e1mites de puesta a disposici\u00f3n del Ministerio P\u00fablico.<\/p>\n<p><img fetchpriority=\"high\" decoding=\"async\" class=\"size-medium wp-image-7660\" src=\"https:\/\/portal.fgeo.gob.mx\/wp-content\/uploads\/2024\/11\/Dise%C3%B1o-sin-t%C3%ADtulo-4-300x297.jpg\" alt=\"\" width=\"300\" height=\"297\" \/><\/p>\n<p>Adem\u00e1s, rescataron a dos animales vertebrados (perros) los cuales fueron llevadas a un refugio de animales de la asociaci\u00f3n civil para su resguardo.<\/p>\n<p>Como parte de la estrategia integral de prevenci\u00f3n del delito contra el maltrato animal, la Fiscal\u00eda General del Estado de Oaxaca atiende las denuncias por este delito tipificado en el C\u00f3digo Penal de Oaxaca.<\/p>\n<p><img decoding=\"async\" class=\"alignnone size-medium wp-image-7659\" src=\"https:\/\/portal.fgeo.gob.mx\/wp-content\/uploads\/2024\/11\/WhatsApp-Image-2024-11-12-at-10.43.17-300x285.jpeg\" alt=\"\" width=\"300\" height=\"285\" \/><\/p>\n","protected":false},"author":2,"featured_media":7504,"comment_status":"closed","ping_status":"closed","template":"","tags":[],"categoria_noticias":[],"class_list":["post-16393","noticias","type-noticias","status-publish","has-post-thumbnail","hentry"],"acf":[],"mb":[],"mfb_rest_fields":["title","gutenberg_elementor_mode"],"_links":{"self":[{"href":"https:\/\/portal.fgeo.gob.mx\/index.php\/wp-json\/wp\/v2\/noticias\/16393","targetHints":{"allow":["GET"]}}],"collection":[{"href":"https:\/\/portal.fgeo.gob.mx\/index.php\/wp-json\/wp\/v2\/noticias"}],"about":[{"href":"https:\/\/portal.fgeo.gob.mx\/index.php\/wp-json\/wp\/v2\/types\/noticias"}],"author":[{"embeddable":true,"href":"https:\/\/portal.fgeo.gob.mx\/index.php\/wp-json\/wp\/v2\/users\/2"}],"replies":[{"embeddable":true,"href":"https:\/\/portal.fgeo.gob.mx\/index.php\/wp-json\/wp\/v2\/comments?post=16393"}],"wp:featuredmedia":[{"embeddable":true,"href":"https:\/\/portal.fgeo.gob.mx\/index.php\/wp-json\/"}],"wp:attachment":[{"href":"https:\/\/portal.fgeo.gob.mx\/index.php\/wp-json\/wp\/v2\/media?parent=16393"}],"wp:term":[{"taxonomy":"post_tag","embeddable":true,"href":"https:\/\/portal.fgeo.gob.mx\/index.php\/wp-json\/wp\/v2\/tags?post=16393"},{"taxonomy":"categoria_noticias","embeddable":true,"href":"https:\/\/portal.fgeo.gob.mx\/index.php\/wp-json\/wp\/v2\/categoria_noticias?post=16393"}],"curies":[{"name":"wp","href":"https:\/\/api.w.org\/{rel}","templated":true}]}}