{"id":16391,"date":"2024-11-11T10:40:14","date_gmt":"2024-11-11T16:40:14","guid":{"rendered":"https:\/\/fge.oaxaca.gob.mx\/?post_type=noticias&amp;p=7655"},"modified":"2024-11-11T10:40:14","modified_gmt":"2024-11-11T16:40:14","slug":"boletin-1049-fiscalia-de-oaxaca-obtiene-vinculacion-a-proceso-y-prision-preventiva-contra-imputado-por-el-delito-de-feminicidio-cometido-en-la-region-de-los-valles-centrales","status":"publish","type":"noticias","link":"https:\/\/portal.fgeo.gob.mx\/index.php\/archivos\/noticias\/boletin-1049-fiscalia-de-oaxaca-obtiene-vinculacion-a-proceso-y-prision-preventiva-contra-imputado-por-el-delito-de-feminicidio-cometido-en-la-region-de-los-valles-centrales","title":{"rendered":"BOLET\u00cdN 1,049.-Fiscal\u00eda de Oaxaca obtiene vinculaci\u00f3n a proceso y prisi\u00f3n preventiva contra imputado por el delito de feminicidio, cometido en la regi\u00f3n de los Valles Centrales"},"content":{"rendered":"<p><strong>Oaxaca de Ju\u00e1rez, Oax., a 11 de noviembre de 2024.-<\/strong>\u00a0La aplicaci\u00f3n del Protocolo de Actuaci\u00f3n Ministerial, Pericial y Policial en el Delito de Feminicidio para el Estado, permiti\u00f3 que la Fiscal\u00eda General del Estado de Oaxaca (FGEO) obtuviera auto de vinculaci\u00f3n a proceso y prisi\u00f3n preventiva contra de una persona del sexo masculino identificada como V. A. C., imputado por el delito de feminicidio agravado cometido en la regi\u00f3n de los Valles Centrales.<\/p>\n<p>De acuerdo con la carpeta de investigaci\u00f3n, la v\u00edctima identificada como J. V. T. S., estaba como No Localizada, luego que sus familiares denunciaron que fue vista por \u00faltima vez el 22 de octubre de 2024, por lo que la FGEO activ\u00f3 los protocolos de b\u00fasqueda correspondientes.<\/p>\n<p>Derivado de las investigaciones especializadas y con perspectiva de g\u00e9nero que efect\u00faa la FGEO, a trav\u00e9s de equipos multidisciplinarios pertenecientes a la Vicefiscal\u00eda General de Atenci\u00f3n a V\u00edctimas y la Sociedad, se obtuvo informaci\u00f3n sobre el probable paradero de la v\u00edctima.<\/p>\n<p>Ante ello, un equipo multidisciplinario de la FGEO acudi\u00f3 el 2 de noviembre de 2024, a un domicilio localizado en el municipio de Santa Cruz Xoxocotl\u00e1n, en el lugar, peritos en diferentes materias encontraron el cuerpo sin vida de la v\u00edctima que hab\u00eda sido inhumado en dicho lugar, presumiblemente con la intenci\u00f3n de ocultar el delito.<\/p>\n<p>Como resultado de las labores de campo, el cuerpo sin vida de la v\u00edctima fue trasladado al anfiteatro para realizar la necropsia por la cual se estableci\u00f3 que la v\u00edctima falleci\u00f3 por asfixia por sofocaci\u00f3n, resultados que se integraron a la carpeta de investigaci\u00f3n por el caso.<\/p>\n<p>En tanto que, como parte de estos trabajos encabezados por la FGEO, se logr\u00f3 la detenci\u00f3n de un hombre identificado como V. A. C., quien qued\u00f3 a disposici\u00f3n de la autoridad ministerial correspondiente.<\/p>\n<p>En audiencia y tras evaluar los datos de prueba aportados por la Fiscal\u00eda de Oaxaca, el Juez dict\u00f3 auto de vinculaci\u00f3n a proceso e impuso la medida cautelar de prisi\u00f3n preventiva por su responsabilidad en el delito de feminicidio agravado, concediendo el plazo de cuatro meses para el cierre de investigaci\u00f3n complementaria.<\/p>\n<p>Los trabajos de investigaci\u00f3n que realiza la Fiscal\u00eda de Oaxaca, en torno a los delitos contra mujeres se efect\u00faan tomando en cuenta el g\u00e9nero de la v\u00edctima para atender las particularidades del caso y que se garantice el pleno acceso a la justicia.<\/p>\n<p><img fetchpriority=\"high\" decoding=\"async\" class=\"size-medium wp-image-7621\" src=\"https:\/\/portal.fgeo.gob.mx\/wp-content\/uploads\/2024\/11\/Dise%C3%B1o-sin-t%C3%ADtulo-279x300.jpg\" alt=\"\" width=\"279\" height=\"300\" \/><\/p>\n","protected":false},"author":2,"featured_media":7504,"comment_status":"closed","ping_status":"closed","template":"","tags":[],"categoria_noticias":[],"class_list":["post-16391","noticias","type-noticias","status-publish","has-post-thumbnail","hentry"],"acf":[],"mb":[],"mfb_rest_fields":["title","gutenberg_elementor_mode"],"_links":{"self":[{"href":"https:\/\/portal.fgeo.gob.mx\/index.php\/wp-json\/wp\/v2\/noticias\/16391","targetHints":{"allow":["GET"]}}],"collection":[{"href":"https:\/\/portal.fgeo.gob.mx\/index.php\/wp-json\/wp\/v2\/noticias"}],"about":[{"href":"https:\/\/portal.fgeo.gob.mx\/index.php\/wp-json\/wp\/v2\/types\/noticias"}],"author":[{"embeddable":true,"href":"https:\/\/portal.fgeo.gob.mx\/index.php\/wp-json\/wp\/v2\/users\/2"}],"replies":[{"embeddable":true,"href":"https:\/\/portal.fgeo.gob.mx\/index.php\/wp-json\/wp\/v2\/comments?post=16391"}],"wp:featuredmedia":[{"embeddable":true,"href":"https:\/\/portal.fgeo.gob.mx\/index.php\/wp-json\/"}],"wp:attachment":[{"href":"https:\/\/portal.fgeo.gob.mx\/index.php\/wp-json\/wp\/v2\/media?parent=16391"}],"wp:term":[{"taxonomy":"post_tag","embeddable":true,"href":"https:\/\/portal.fgeo.gob.mx\/index.php\/wp-json\/wp\/v2\/tags?post=16391"},{"taxonomy":"categoria_noticias","embeddable":true,"href":"https:\/\/portal.fgeo.gob.mx\/index.php\/wp-json\/wp\/v2\/categoria_noticias?post=16391"}],"curies":[{"name":"wp","href":"https:\/\/api.w.org\/{rel}","templated":true}]}}