{"id":16390,"date":"2024-11-08T18:43:41","date_gmt":"2024-11-09T00:43:41","guid":{"rendered":"https:\/\/fge.oaxaca.gob.mx\/?post_type=noticias&amp;p=7648"},"modified":"2024-11-08T18:43:41","modified_gmt":"2024-11-09T00:43:41","slug":"boletin-1048-fiscalia-de-oaxaca-rescata-a-71-personas-migrantes-durante-cateo-por-el-que-se-logro-la-detencion-de-dos-personas-acciones-realizadas-en-la-region-del-istmo","status":"publish","type":"noticias","link":"https:\/\/portal.fgeo.gob.mx\/index.php\/archivos\/noticias\/boletin-1048-fiscalia-de-oaxaca-rescata-a-71-personas-migrantes-durante-cateo-por-el-que-se-logro-la-detencion-de-dos-personas-acciones-realizadas-en-la-region-del-istmo","title":{"rendered":"BOLET\u00cdN 1,048.- Fiscal\u00eda de Oaxaca rescata a 71 personas migrantes durante cateo por el que se logr\u00f3 la detenci\u00f3n de dos personas, acciones realizadas en la regi\u00f3n del Istmo"},"content":{"rendered":"<p>* Como resultado del operativo policial se rescataron a personas originarias de Venezuela, Ecuador, Chile, \u00c1frica y Colombia<\/p>\n<p><strong>Oaxaca de Ju\u00e1rez, Oax., a 8 de noviembre de 2024.-<\/strong>\u00a0Derivado de las investigaciones ministeriales encabezadas por la Fiscal\u00eda General del Estado de Oaxaca (FGEO), se ejecut\u00f3 una orden de cateo en la regi\u00f3n del Istmo, operativo en el que particip\u00f3 la Agencia Estatal de Investigaciones (AEI) en colaboraci\u00f3n con la Secretar\u00eda de Marina (Semar), Polic\u00eda Estatal y la Guardia Nacional (GN), acci\u00f3n policial en la que detuvieron a dos personas y rescataron a 71 personas migrantes de diferentes nacionalidades entre ellos, 19 menores de edad.<\/p>\n<p>La acci\u00f3n conjunta que se ejecut\u00f3 de manera coordinada con fuerzas de los tres \u00f3rdenes de gobierno, permiti\u00f3 la realizaci\u00f3n del operativo ejecutado el 7 de noviembre de 2024, en un domicilio particular ubicado en la colonia Gustavo Pineda de la Cruz, en el municipio de Juchit\u00e1n de Zaragoza.<\/p>\n<p>Como resultado del mandato judicial, se logr\u00f3 la liberaci\u00f3n 71 personas migrantes, de las cuales, 25 son de origen venezolano, 7 de Colombia, 1 de Chile, 3 de Honduras, 1 del Salvador, 1 de Per\u00fa, 32 de Ecuador y 1 originaria del continente africano, quienes se encontraban privados de su libertad.<\/p>\n<p><img fetchpriority=\"high\" decoding=\"async\" class=\"alignnone size-medium wp-image-7653\" src=\"https:\/\/portal.fgeo.gob.mx\/wp-content\/uploads\/2024\/11\/WhatsApp-Image-2024-11-08-at-18.35.48-300x225.jpeg\" alt=\"\" width=\"300\" height=\"225\" \/> <img decoding=\"async\" class=\"alignnone size-medium wp-image-7652\" src=\"https:\/\/portal.fgeo.gob.mx\/wp-content\/uploads\/2024\/11\/WhatsApp-Image-2024-11-08-at-18.35.49-225x300.jpeg\" alt=\"\" width=\"225\" height=\"300\" \/><\/p>\n<p>Tras ser rescatados, se solicit\u00f3 el apoyo del Instituto Nacional de Migraci\u00f3n para su resguardo y traslado para ser valorados m\u00e9dicamente con el objetivo de determinar su estado de salud.<\/p>\n<p>Durante estas mismas acciones se logr\u00f3 la detenci\u00f3n de dos personas una del sexo masculino identificada como V.M.A.M., de 36 a\u00f1os de edad y una mujer identificada como F.L.J.A., de 42 a\u00f1os de edad, ambos de origen extranjero, quienes presumiblemente se encargaban de cuidar a las personas migrantes y realizar llamadas telef\u00f3nicas a sus familiares en las que les exig\u00edan el pago de una fuerte suma de dinero como pago por su rescate.<\/p>\n<p>Por estos hechos, las personas detenidas fueron puestas a disposici\u00f3n de la autoridad correspondiente para que se determine su situaci\u00f3n jur\u00eddica.<\/p>\n<p><img decoding=\"async\" class=\"alignnone size-medium wp-image-7649\" src=\"https:\/\/portal.fgeo.gob.mx\/wp-content\/uploads\/2024\/11\/WhatsApp-Image-2024-11-08-at-18.35.49-3-300x179.jpeg\" alt=\"\" width=\"300\" height=\"179\" \/><\/p>\n<p>La Fiscal\u00eda de Oaxaca realiza trabajos de investigaci\u00f3n a trav\u00e9s de \u00e1reas especializadas en diferentes fen\u00f3menos delictivos para hacer que las v\u00edctimas tengan una atenci\u00f3n integral en los procesos de procuraci\u00f3n de justicia.<\/p>\n<p><img loading=\"lazy\" decoding=\"async\" class=\"alignnone size-medium wp-image-7650\" src=\"https:\/\/portal.fgeo.gob.mx\/wp-content\/uploads\/2024\/11\/WhatsApp-Image-2024-11-08-at-18.35.49-2-225x300.jpeg\" alt=\"\" width=\"225\" height=\"300\" \/> <img loading=\"lazy\" decoding=\"async\" class=\"alignnone size-medium wp-image-7651\" src=\"https:\/\/portal.fgeo.gob.mx\/wp-content\/uploads\/2024\/11\/WhatsApp-Image-2024-11-08-at-18.35.49-1-300x225.jpeg\" alt=\"\" width=\"300\" height=\"225\" \/><\/p>\n<p>En este sentido, la Fiscal\u00eda General de Oaxaca reporta los siguientes datos de las personas migrantes rescatadas:<\/p>\n<p>1.Robison J.H., de 45 a\u00f1os, Venezuela.<\/p>\n<p>2.Luis Alfredo G.P., de 38 a\u00f1os, Venezuela.<\/p>\n<p>3.Jos\u00e9 Ovidio G.M., de 44 a\u00f1os, Venezuela.<\/p>\n<p>4.Junior Jos\u00e9 V.S., de 28 a\u00f1os, Venezuela.<\/p>\n<p>5.Jordi Joan D.B., de 28 a\u00f1os, Venezuela.<\/p>\n<p>6.Karliani Paola V.V., de 45 a\u00f1os, Venezuela.<\/p>\n<p>7.M\u00eda V.V., de 2 a\u00f1os, Colombia<\/p>\n<p>8.Ram\u00f3n Jos\u00e9 R.A., de 34 a\u00f1os, Venezuela.<\/p>\n<p>9.Carlos Alberto H.V., de 59 a\u00f1os, Venezuela.<\/p>\n<p>10.Mario Israel A.J., de 22 a\u00f1os, Venezuela.<\/p>\n<p>11.Evin Mavian O.C., de 36 a\u00f1os, Venezuela.<\/p>\n<p>12.Angel Luzmila H.D., de 35 a\u00f1os, Venezuela.<\/p>\n<p>13.Alber Josu\u00e9 B.H., de 9 a\u00f1os, Venezuela.<\/p>\n<p>14.Oscar Osmar R.D., de 35 a\u00f1os, Venezuela.<\/p>\n<p>15.Erik Ra\u00fal C.Z. de 25 a\u00f1os, Ecuador.<\/p>\n<p>16.Naomy Andreina C.C., de 18 a\u00f1os, Ecuador.<\/p>\n<p>17.Paulina Alaysah C.C., de 2 a\u00f1os, Ecuador.<\/p>\n<p>18.Santa M\u00f3nica Z.B., de 46 a\u00f1os, Ecuador.<\/p>\n<p>19.Jhon Edison F.Z., de 15 a\u00f1os, Ecuador.<\/p>\n<p>20.Daniela Elizabeth V.P., de 16 a\u00f1os, Ecuador.<\/p>\n<p>21.Ariana Elizabeth P.B., de 39 a\u00f1os, Ecuador.<\/p>\n<p>22.Cristopher Martin V.P., de 20 a\u00f1os, Ecuador.<\/p>\n<p>23.Frank Abelardo P.C.P., de 16 a\u00f1os, Ecuador.<\/p>\n<p>24.Alexander Aaron N.P., de 8 a\u00f1os, Ecuador.<\/p>\n<p>25.Luis Alberto A.Z., de 45 a\u00f1os, Ecuador.<\/p>\n<p>26.Dayana Karina A. C., de 26 a\u00f1os, Ecuador.<\/p>\n<p>27.Kevin Israel C.P., de 24 a\u00f1os, Ecuador.<\/p>\n<p>28.Celia Elizabeth R.M., de 39 a\u00f1os, Ecuador.<\/p>\n<p>29.Jonathan Alberto P.L., de 38 a\u00f1os, Ecuador.<\/p>\n<p>30.Omar Ido P.T., de 23 a\u00f1os, \u00c1frica.<\/p>\n<p>31.Isabel Carelis N.G., de 18 a\u00f1os, Ecuador.<\/p>\n<p>32.Jonathan Josu\u00e9 S.E., de 21 a\u00f1os, Ecuador.<\/p>\n<p>33.Aitana Isabella S.N., de 3 a\u00f1os, Ecuador.<\/p>\n<ol start=\"34\">\n<li>Sebasti\u00e1n Nathanael S.N., de 1 a\u00f1o, Ecuador.<\/li>\n<\/ol>\n<p>35.Sandra Patricia M.P., de 35 a\u00f1os, Colombia.<\/p>\n<p>36.Wilson Antonio V.G., de 35 a\u00f1os, Colombia.<\/p>\n<p>37.Sawui Dayana V.M., de 11 a\u00f1os, Colombia.<\/p>\n<p>38.Paola Dayana B.G., de 33 a\u00f1os, Venezuela.<\/p>\n<p>39.Angeli Yasinit R.M., de 24 a\u00f1os, Venezuela.<\/p>\n<p>40.Danyeli Soneidy R.M., de 22 a\u00f1os, Venezuela.<\/p>\n<p>41.Darwin Jos\u00e9 P.G., de 20 a\u00f1os, Venezuela.<\/p>\n<p>42.Ambar Jeanmair R.A., de 22 a\u00f1os, Venezuela.<\/p>\n<p>43.Reyniel Josu\u00e9 H.Q., de 23 a\u00f1os, Venezuela.<\/p>\n<p>44.Maiha Antonela\u00a0 E.R.,\u00a0 de 3 a\u00f1os, Per\u00fa.<\/p>\n<p>45.Amber Elay S.R., de 4 a\u00f1os, Colombia.<\/p>\n<p>46.Edwin Edier E.R., de 6 a\u00f1os, Venezuela.<\/p>\n<p>47.Juan Carlos E.V.,\u00a0\u00a0 de 52 a\u00f1os, Ecuador.<\/p>\n<p>48.Luis Alexis O.G., de 24 a\u00f1os, Ecuador.<\/p>\n<p>49.Alexa Nayleth O.N., de 4 a\u00f1os, Ecuador.<\/p>\n<p>50.Luisa Delia N.G., de 20 a\u00f1os, Ecuador.<\/p>\n<p>51.Ayuden Issac O.N., de 1 a\u00f1o, Ecuador.<\/p>\n<p>52.Emilio Francisco G.G., de 50 a\u00f1os, Ecuador.<\/p>\n<p>53.Yuliana Solange G.V., de 23 a\u00f1os, Ecuador.<\/p>\n<p>54.EMA Sof\u00eda G.V., de 1 a\u00f1o, Ecuador.<\/p>\n<p>55.Jose Santiago A.C., de 33a\u00f1os, Ecuador.<\/p>\n<p>56.Zoila Salome A.A., de 46 a\u00f1os, Ecuador.<\/p>\n<p>57.Wendy Nayeli C.A., de 22 a\u00f1os, Ecuador.<\/p>\n<p>58.Erick Migue C.A., de 19 a\u00f1os, Ecuador.<\/p>\n<p>59.Ericka Salome M.C., de 4 a\u00f1os, Ecuador.<\/p>\n<p>60.Carla Yaneth C.O., de 29 a\u00f1os, Salvador.<\/p>\n<p>61.Wilfredo L.L., de 28 a\u00f1os, Honduras.<\/p>\n<p>62.Maribel R.R., de 38 a\u00f1os, Honduras.<\/p>\n<p>63.Jackeline Fabiola L.R., de 2 a\u00f1os, Honduras.<\/p>\n<ol start=\"64\">\n<li>Alexandra P.P., de 65 a\u00f1os, Venezuela.<\/li>\n<li>Abelardo C. de 68 a\u00f1os, Venezuela.<\/li>\n<\/ol>\n<p>66.Thais Jarianis C.G., de 39 a\u00f1os, Venezuela.<\/p>\n<p>67 Andrey Ignacio L.C., de 14 a\u00f1os, Venezuela.<\/p>\n<ol start=\"68\">\n<li>Adri\u00e1n Jes\u00fas J.C., de 2 a\u00f1os, Chile<\/li>\n<\/ol>\n<p>69.Luis A.M., de 29 a\u00f1os, Venezuela.<\/p>\n<p>70.Diana Marcela G. de 26 a\u00f1os, Colombia.<\/p>\n<p>71.Luis Mat\u00edas A.G., de 4 a\u00f1os, Colombia.<\/p>\n","protected":false},"author":2,"featured_media":7504,"comment_status":"closed","ping_status":"closed","template":"","tags":[],"categoria_noticias":[],"class_list":["post-16390","noticias","type-noticias","status-publish","has-post-thumbnail","hentry"],"acf":[],"mb":[],"mfb_rest_fields":["title","gutenberg_elementor_mode"],"_links":{"self":[{"href":"https:\/\/portal.fgeo.gob.mx\/index.php\/wp-json\/wp\/v2\/noticias\/16390","targetHints":{"allow":["GET"]}}],"collection":[{"href":"https:\/\/portal.fgeo.gob.mx\/index.php\/wp-json\/wp\/v2\/noticias"}],"about":[{"href":"https:\/\/portal.fgeo.gob.mx\/index.php\/wp-json\/wp\/v2\/types\/noticias"}],"author":[{"embeddable":true,"href":"https:\/\/portal.fgeo.gob.mx\/index.php\/wp-json\/wp\/v2\/users\/2"}],"replies":[{"embeddable":true,"href":"https:\/\/portal.fgeo.gob.mx\/index.php\/wp-json\/wp\/v2\/comments?post=16390"}],"wp:featuredmedia":[{"embeddable":true,"href":"https:\/\/portal.fgeo.gob.mx\/index.php\/wp-json\/"}],"wp:attachment":[{"href":"https:\/\/portal.fgeo.gob.mx\/index.php\/wp-json\/wp\/v2\/media?parent=16390"}],"wp:term":[{"taxonomy":"post_tag","embeddable":true,"href":"https:\/\/portal.fgeo.gob.mx\/index.php\/wp-json\/wp\/v2\/tags?post=16390"},{"taxonomy":"categoria_noticias","embeddable":true,"href":"https:\/\/portal.fgeo.gob.mx\/index.php\/wp-json\/wp\/v2\/categoria_noticias?post=16390"}],"curies":[{"name":"wp","href":"https:\/\/api.w.org\/{rel}","templated":true}]}}