{"id":16389,"date":"2024-11-07T22:48:34","date_gmt":"2024-11-08T04:48:34","guid":{"rendered":"https:\/\/fge.oaxaca.gob.mx\/?post_type=noticias&amp;p=7646"},"modified":"2024-11-07T22:48:34","modified_gmt":"2024-11-08T04:48:34","slug":"boletin-1046-fiscalia-de-oaxaca-realiza-primeros-trabajos-de-investigacion-luego-de-agresion-en-la-que-fallecieron-cinco-personas-en-la-colonia-reforma-de-la-capital","status":"publish","type":"noticias","link":"https:\/\/portal.fgeo.gob.mx\/index.php\/archivos\/noticias\/boletin-1046-fiscalia-de-oaxaca-realiza-primeros-trabajos-de-investigacion-luego-de-agresion-en-la-que-fallecieron-cinco-personas-en-la-colonia-reforma-de-la-capital","title":{"rendered":"BOLET\u00cdN 1046.- Fiscal\u00eda de Oaxaca realiza primeros trabajos de investigaci\u00f3n luego de agresi\u00f3n en la que fallecieron cinco personas en la colonia Reforma de la capital"},"content":{"rendered":"<p>Oaxaca de Ju\u00e1rez, Oax., a 07 de noviembre de 2024.- La Fiscal\u00eda General del Estado de Oaxaca (FGEO) inici\u00f3 las investigaciones ministeriales y las labores ministeriales correspondientes a partir de una agresi\u00f3n con disparos de arma de fuego que sucedi\u00f3 la noche de este jueves, en el norte de la capital, la cual dej\u00f3 un saldo de cinco personas fallecidas y una m\u00e1s lesionada, todas ellas del sexo masculino.<\/p>\n<p>Luego de recibir el reporte de los hechos, se activaron los protocolos de investigaci\u00f3n pertinentes, a cargo de la Fiscal\u00eda Especializada para la Atenci\u00f3n a Delitos de Alto Impacto, personal especializado en diferentes materias se traslad\u00f3 a la calle de las Rosas, frente a un restaurante ubicado en la colonia Reforma, de la ciudad de Oaxaca de Ju\u00e1rez.<\/p>\n<p>En el lugar se realiz\u00f3 el levantamiento de los cuerpos sin vida de cinco personas del sexo masculino, de las cuales, hasta el momento solo est\u00e1 identificada una de las v\u00edctimas, con iniciales A. S. J. D. Adem\u00e1s se confirm\u00f3 que hay una persona lesionada, identificada como A. M. P., quien qued\u00f3 internado en un hospital de la ciudad para recibir atenci\u00f3n m\u00e9dica.<\/p>\n<p>En tanto que, en el lugar de los hechos se efectuaron los primeros actos de investigaci\u00f3n con el objetivo recabar los datos de prueba que permitan delinear de manera s\u00f3lida las l\u00edneas de investigaci\u00f3n en torno al caso.<\/p>\n<p>La Fiscal\u00eda de Oaxaca se ci\u00f1e a protocolos de investigaci\u00f3n criminal que cumplen con los est\u00e1ndares internacionales de procuraci\u00f3n de justicia para que las v\u00edctimas directas e indirectas tengan pleno acceso a la justicia.<\/p>\n","protected":false},"author":2,"featured_media":7504,"comment_status":"closed","ping_status":"closed","template":"","tags":[],"categoria_noticias":[],"class_list":["post-16389","noticias","type-noticias","status-publish","has-post-thumbnail","hentry"],"acf":[],"mb":[],"mfb_rest_fields":["title","gutenberg_elementor_mode"],"_links":{"self":[{"href":"https:\/\/portal.fgeo.gob.mx\/index.php\/wp-json\/wp\/v2\/noticias\/16389","targetHints":{"allow":["GET"]}}],"collection":[{"href":"https:\/\/portal.fgeo.gob.mx\/index.php\/wp-json\/wp\/v2\/noticias"}],"about":[{"href":"https:\/\/portal.fgeo.gob.mx\/index.php\/wp-json\/wp\/v2\/types\/noticias"}],"author":[{"embeddable":true,"href":"https:\/\/portal.fgeo.gob.mx\/index.php\/wp-json\/wp\/v2\/users\/2"}],"replies":[{"embeddable":true,"href":"https:\/\/portal.fgeo.gob.mx\/index.php\/wp-json\/wp\/v2\/comments?post=16389"}],"wp:featuredmedia":[{"embeddable":true,"href":"https:\/\/portal.fgeo.gob.mx\/index.php\/wp-json\/"}],"wp:attachment":[{"href":"https:\/\/portal.fgeo.gob.mx\/index.php\/wp-json\/wp\/v2\/media?parent=16389"}],"wp:term":[{"taxonomy":"post_tag","embeddable":true,"href":"https:\/\/portal.fgeo.gob.mx\/index.php\/wp-json\/wp\/v2\/tags?post=16389"},{"taxonomy":"categoria_noticias","embeddable":true,"href":"https:\/\/portal.fgeo.gob.mx\/index.php\/wp-json\/wp\/v2\/categoria_noticias?post=16389"}],"curies":[{"name":"wp","href":"https:\/\/api.w.org\/{rel}","templated":true}]}}