{"id":16382,"date":"2024-11-04T09:49:47","date_gmt":"2024-11-04T15:49:47","guid":{"rendered":"https:\/\/fge.oaxaca.gob.mx\/?post_type=noticias&amp;p=7623"},"modified":"2024-11-04T09:49:47","modified_gmt":"2024-11-04T15:49:47","slug":"boletin-1037-fgeo-obtiene-vinculacion-a-proceso-y-prision-contra-imputado-por-el-delito-de-violacion-de-una-nina-hechos-ocurridos-en-la-region-de-la-costa","status":"publish","type":"noticias","link":"https:\/\/portal.fgeo.gob.mx\/index.php\/archivos\/noticias\/boletin-1037-fgeo-obtiene-vinculacion-a-proceso-y-prision-contra-imputado-por-el-delito-de-violacion-de-una-nina-hechos-ocurridos-en-la-region-de-la-costa","title":{"rendered":"BOLET\u00cdN 1037.- FGEO obtiene vinculaci\u00f3n a proceso y prisi\u00f3n contra imputado por el delito de violaci\u00f3n de una ni\u00f1a, hechos ocurridos en la regi\u00f3n de la Costa"},"content":{"rendered":"<p><strong>Oaxaca de Ju\u00e1rez, Oax., a 03 de noviembre de 2024.- <\/strong>Como parte de la estrategia de combate a los delitos cometidos en contra de ni\u00f1as, ni\u00f1os, adolescentes y mujeres, la Fiscal\u00eda General del Estado de Oaxaca (FGEO) obtuvo auto de vinculaci\u00f3n a proceso y prisi\u00f3n preventiva en contra de J.G.C., imputado por el delito de Violaci\u00f3n Equiparada, cometido en perjuicio de una menor de edad en la regi\u00f3n de la Costa.<\/p>\n<p>De acuerdo con la investigaci\u00f3n asentada en el expediente penal del caso, los hechos ocurrieron el 15 de septiembre de 2023, en un domicilio ubicado en la colonia El Corozal en la comunidad de R\u00edo Grande perteneciente al municipio a la Villa de Tututepec, lugar donde la v\u00edctima de 11 a\u00f1os de edad (cuya identidad est\u00e1 reservada por ley) fue agredida de manera sexual por el imputado.<\/p>\n<p>Una vez que la FGEO tom\u00f3 conocimiento del caso, derivado de la denuncia de familiares, inici\u00f3 las investigaciones correspondientes a trav\u00e9s de la Vicefiscal\u00eda Regional de la Costa, las cuales permitieron obtener una orden de aprehensi\u00f3n contra el imputado para presentarlo ante la autoridad que lo requiri\u00f3.<\/p>\n<p>Gracias a los resultados del trabajo multidisciplinario que la FGEO aport\u00f3, el Juez tuvo los elementos jur\u00eddicos suficientes para vincular a proceso a J.G.C., por el delito de Violaci\u00f3n Equiparada en agravio de una menor de edad, adem\u00e1s de imponer la medida cautelar de prisi\u00f3n preventiva oficiosa y otorgar un plazo de tres meses para el cierre de la investigaci\u00f3n complementaria.<\/p>\n<p>La Fiscal\u00eda de Oaxaca tiene entre sus ejes rectores garantizar una vida libre de violencia para ni\u00f1as, ni\u00f1os y adolescentes, a trav\u00e9s de los mecanismos de procuraci\u00f3n de justicia que est\u00e1n a cargo de \u00e1reas especializadas y bien capacitadas para este tipo de labores.<\/p>\n<figure id=\"attachment_7624\" aria-describedby=\"caption-attachment-7624\" style=\"width: 289px\" class=\"wp-caption alignnone\"><img fetchpriority=\"high\" decoding=\"async\" class=\"size-medium wp-image-7624\" src=\"https:\/\/portal.fgeo.gob.mx\/wp-content\/uploads\/2024\/11\/Dise%C3%B1o-sin-t%C3%ADtulo-1-289x300.jpg\" alt=\"\" width=\"289\" height=\"300\" \/><figcaption id=\"caption-attachment-7624\" class=\"wp-caption-text\">Dise\u00f1o sin t\u00edtulo &#8211; 1<\/figcaption><\/figure>\n","protected":false},"author":2,"featured_media":7504,"comment_status":"closed","ping_status":"closed","template":"","tags":[],"categoria_noticias":[],"class_list":["post-16382","noticias","type-noticias","status-publish","has-post-thumbnail","hentry"],"acf":[],"mb":[],"mfb_rest_fields":["title","gutenberg_elementor_mode"],"_links":{"self":[{"href":"https:\/\/portal.fgeo.gob.mx\/index.php\/wp-json\/wp\/v2\/noticias\/16382","targetHints":{"allow":["GET"]}}],"collection":[{"href":"https:\/\/portal.fgeo.gob.mx\/index.php\/wp-json\/wp\/v2\/noticias"}],"about":[{"href":"https:\/\/portal.fgeo.gob.mx\/index.php\/wp-json\/wp\/v2\/types\/noticias"}],"author":[{"embeddable":true,"href":"https:\/\/portal.fgeo.gob.mx\/index.php\/wp-json\/wp\/v2\/users\/2"}],"replies":[{"embeddable":true,"href":"https:\/\/portal.fgeo.gob.mx\/index.php\/wp-json\/wp\/v2\/comments?post=16382"}],"wp:featuredmedia":[{"embeddable":true,"href":"https:\/\/portal.fgeo.gob.mx\/index.php\/wp-json\/"}],"wp:attachment":[{"href":"https:\/\/portal.fgeo.gob.mx\/index.php\/wp-json\/wp\/v2\/media?parent=16382"}],"wp:term":[{"taxonomy":"post_tag","embeddable":true,"href":"https:\/\/portal.fgeo.gob.mx\/index.php\/wp-json\/wp\/v2\/tags?post=16382"},{"taxonomy":"categoria_noticias","embeddable":true,"href":"https:\/\/portal.fgeo.gob.mx\/index.php\/wp-json\/wp\/v2\/categoria_noticias?post=16382"}],"curies":[{"name":"wp","href":"https:\/\/api.w.org\/{rel}","templated":true}]}}