{"id":16379,"date":"2024-10-31T14:20:10","date_gmt":"2024-10-31T20:20:10","guid":{"rendered":"https:\/\/fge.oaxaca.gob.mx\/?post_type=noticias&amp;p=7611"},"modified":"2024-10-31T14:20:10","modified_gmt":"2024-10-31T20:20:10","slug":"boletin-1034-coordina-fgeo-operativos-junto-a-secretaria-de-marina-sedena-guardia-nacional-policia-estatal-policia-vial-estatal-y-municipales-de-la-region-de-la-costa-durante-celebracion-del-dia","status":"publish","type":"noticias","link":"https:\/\/portal.fgeo.gob.mx\/index.php\/archivos\/noticias\/boletin-1034-coordina-fgeo-operativos-junto-a-secretaria-de-marina-sedena-guardia-nacional-policia-estatal-policia-vial-estatal-y-municipales-de-la-region-de-la-costa-durante-celebracion-del-dia","title":{"rendered":"BOLET\u00cdN 1034.-Coordina FGEO operativos junto a Secretar\u00eda de Marina, SEDENA, Guardia Nacional, Polic\u00eda Estatal, Polic\u00eda Vial Estatal y municipales de la regi\u00f3n de la Costa durante celebraci\u00f3n del D\u00eda de Muertos"},"content":{"rendered":"<p>* Se realizan acciones de proximidad social, prevenci\u00f3n y procuraci\u00f3n de justicia, gracias a las cuales se logr\u00f3 la detenci\u00f3n de dos personas originarias de Guerrero<\/p>\n<p><strong>\u00a0<\/strong><strong>Oaxaca de Ju\u00e1rez, Oax., a 31 de octubre de 2024.- <\/strong>En el marco de las celebraciones de D\u00eda de Muertos, la Fiscal\u00eda General del Estado de Oaxaca (FGEO) coordina una serie de operativos de seguridad y vigilancia que se realizan en diferentes municipios y localidades de la regi\u00f3n de la Costa, acciones implementadas con el objetivo de inhibir, combatir y evitar la comisi\u00f3n de delitos en esta regi\u00f3n del estado.<\/p>\n<p>El operativo es una acci\u00f3n conjunta en la que tambi\u00e9n participan elementos de la Agencia Estatal de Investigaciones (AEI), Secretar\u00eda de Marina (SEMAR), Secretar\u00eda de la Defensa Nacional (SEDENA), Guardia Nacional (GN), Polic\u00eda Estatal, Polic\u00eda Vial Estatal, as\u00ed como las polic\u00edas municipales de los sitios en los que se implementan, para contar con presencia de los cuerpos de seguridad de los tres niveles de gobierno.<\/p>\n<p>La Fiscal\u00eda General del Estado de Oaxaca realiz\u00f3 este despliegue policial en barrios, colonias y agencias de Puerto Escondido, en los municipios de San Pedro Mixtepec, Santa Mar\u00eda Colotepec y San Pedro Pochutla, efectuando la inspecci\u00f3n de 100 veh\u00edculos, 140 motocicletas, 310 personas.<\/p>\n<p>Asimismo, se logr\u00f3 el aseguramiento de 18 motocicletas retenidas por falta de documentos, 1 veh\u00edculo de motor, adem\u00e1s de concientizaciones por el uso del cintur\u00f3n de seguridad, as\u00ed como por el uso del tel\u00e9fono celular al momento de conducir y adem\u00e1s del uso del casco protector a conductores de motocicletas.<\/p>\n<p>Durante este despliegue policial, tambi\u00e9n se logr\u00f3 la detenci\u00f3n de dos personas del sexo masculino identificadas como J.J.V.A. e I.D.V.P., originarios de Cuajinicuilapa, Guerrero, quienes quedaron a disposici\u00f3n de la autoridad correspondiente, al no comprobar la legal procedencia de una fuerte suma de dinero en efectivo encontrado al momento de la revisi\u00f3n de rutina, asegur\u00e1ndoles tambi\u00e9n diversos tel\u00e9fonos celulares, y un veh\u00edculo de motor con placas de circulaci\u00f3n del estado de Veracruz.<\/p>\n<p>Todos los indicios asegurados, as\u00ed como las personas detenidas quedaron a disposici\u00f3n de la autoridad ministerial correspondiente para resolver su situaci\u00f3n jur\u00eddica.<\/p>\n<p>Las labores operativas y de inteligencia que realiza la Fiscal\u00eda de Oaxaca, en coordinaci\u00f3n interinstitucional con corporaciones policiales preventivas de los tres niveles de gobiernos, as\u00ed como con las fuerzas armadas, contribuye a fortalecer los objetivos del plan estatal de seguridad p\u00fablica para preservar la paz social a lo largo de la entidad.<\/p>\n<p><img fetchpriority=\"high\" decoding=\"async\" class=\"size-medium wp-image-7612\" src=\"https:\/\/portal.fgeo.gob.mx\/wp-content\/uploads\/2024\/10\/Dise%C3%B1o-sin-t%C3%ADtulo-1-4-300x240.jpg\" alt=\"\" width=\"300\" height=\"240\" \/><\/p>\n<p><img decoding=\"async\" class=\"alignnone size-medium wp-image-7613\" src=\"https:\/\/portal.fgeo.gob.mx\/wp-content\/uploads\/2024\/10\/Dise%C3%B1o-sin-t%C3%ADtulo-15-225x300.jpg\" alt=\"\" width=\"225\" height=\"300\" \/> <img decoding=\"async\" class=\"alignnone size-medium wp-image-7614\" src=\"https:\/\/portal.fgeo.gob.mx\/wp-content\/uploads\/2024\/10\/WhatsApp-Image-2024-10-29-at-17.04.43-1-300x225.jpeg\" alt=\"\" width=\"300\" height=\"225\" \/> <img loading=\"lazy\" decoding=\"async\" class=\"alignnone size-medium wp-image-7615\" src=\"https:\/\/portal.fgeo.gob.mx\/wp-content\/uploads\/2024\/10\/WhatsApp-Image-2024-10-29-at-17.04.44-300x225.jpeg\" alt=\"\" width=\"300\" height=\"225\" \/><\/p>\n","protected":false},"author":2,"featured_media":7504,"comment_status":"closed","ping_status":"closed","template":"","tags":[],"categoria_noticias":[],"class_list":["post-16379","noticias","type-noticias","status-publish","has-post-thumbnail","hentry"],"acf":[],"mb":[],"mfb_rest_fields":["title","gutenberg_elementor_mode"],"_links":{"self":[{"href":"https:\/\/portal.fgeo.gob.mx\/index.php\/wp-json\/wp\/v2\/noticias\/16379","targetHints":{"allow":["GET"]}}],"collection":[{"href":"https:\/\/portal.fgeo.gob.mx\/index.php\/wp-json\/wp\/v2\/noticias"}],"about":[{"href":"https:\/\/portal.fgeo.gob.mx\/index.php\/wp-json\/wp\/v2\/types\/noticias"}],"author":[{"embeddable":true,"href":"https:\/\/portal.fgeo.gob.mx\/index.php\/wp-json\/wp\/v2\/users\/2"}],"replies":[{"embeddable":true,"href":"https:\/\/portal.fgeo.gob.mx\/index.php\/wp-json\/wp\/v2\/comments?post=16379"}],"wp:featuredmedia":[{"embeddable":true,"href":"https:\/\/portal.fgeo.gob.mx\/index.php\/wp-json\/"}],"wp:attachment":[{"href":"https:\/\/portal.fgeo.gob.mx\/index.php\/wp-json\/wp\/v2\/media?parent=16379"}],"wp:term":[{"taxonomy":"post_tag","embeddable":true,"href":"https:\/\/portal.fgeo.gob.mx\/index.php\/wp-json\/wp\/v2\/tags?post=16379"},{"taxonomy":"categoria_noticias","embeddable":true,"href":"https:\/\/portal.fgeo.gob.mx\/index.php\/wp-json\/wp\/v2\/categoria_noticias?post=16379"}],"curies":[{"name":"wp","href":"https:\/\/api.w.org\/{rel}","templated":true}]}}