{"id":16376,"date":"2024-10-30T11:40:21","date_gmt":"2024-10-30T17:40:21","guid":{"rendered":"https:\/\/fge.oaxaca.gob.mx\/?post_type=noticias&amp;p=7604"},"modified":"2024-10-30T11:40:21","modified_gmt":"2024-10-30T17:40:21","slug":"boletin-1031-detienen-a-dos-personas-relacionadas-con-ataque-de-perro-a-adolescente-quedan-a-disposicion-de-la-fiscalia-de-oaxaca","status":"publish","type":"noticias","link":"https:\/\/portal.fgeo.gob.mx\/index.php\/archivos\/noticias\/boletin-1031-detienen-a-dos-personas-relacionadas-con-ataque-de-perro-a-adolescente-quedan-a-disposicion-de-la-fiscalia-de-oaxaca","title":{"rendered":"BOLET\u00cdN 1031.-Detienen a dos personas relacionadas con ataque de perro a adolescente, quedan a disposici\u00f3n de la Fiscal\u00eda de Oaxaca"},"content":{"rendered":"<p><strong>Oaxaca de Ju\u00e1rez, Oax., a 30 de octubre de 2024.-<\/strong> La Fiscal\u00eda General del Estado de Oaxaca inici\u00f3 una carpeta de investigaci\u00f3n por el delito de lesiones, tras la detenci\u00f3n de dos personas, a quienes se investiga para saber el grado de responsabilidad respecto a los hechos en los que un perro atac\u00f3 y caus\u00f3 lesiones a una adolescente, hechos ocurridos en la regi\u00f3n de Valles Centrales.<\/p>\n<p>La instituci\u00f3n procuradora de justicia detall\u00f3 que, los hechos ocurrieron este 28 de octubre en el municipio de \u00c1nimas Trujano, mientras la adolescente transitaba por calles de esa comunidad, cuando fue atacada y mordida por un perro, debido a estos hechos de una persona del sexo masculino identificada como P.L.G. y una persona del sexo femenino identificada como R.I.L.L., fueron detenidos y puestos a disposici\u00f3n de la Vicefiscal\u00eda de la FGEO.<\/p>\n<p>Despu\u00e9s de tener conocimiento de los hechos a trav\u00e9s de un equipo multidisciplinario de la Vicefiscal\u00eda Regional de Valles Centrales realiza los trabajos de investigaci\u00f3n que permitan esclarecer estos hechos.<\/p>\n<p>La Fiscal\u00eda General del Estado de Oaxaca reitera su compromiso de brindar acompa\u00f1amiento a las v\u00edctimas directas e indirectas de casos como este a fin de que sea posible que accedan a un adecuado proceso de procuraci\u00f3n de justicia.<\/p>\n","protected":false},"author":2,"featured_media":7504,"comment_status":"closed","ping_status":"closed","template":"","tags":[],"categoria_noticias":[],"class_list":["post-16376","noticias","type-noticias","status-publish","has-post-thumbnail","hentry"],"acf":[],"mb":[],"mfb_rest_fields":["title","gutenberg_elementor_mode"],"_links":{"self":[{"href":"https:\/\/portal.fgeo.gob.mx\/index.php\/wp-json\/wp\/v2\/noticias\/16376","targetHints":{"allow":["GET"]}}],"collection":[{"href":"https:\/\/portal.fgeo.gob.mx\/index.php\/wp-json\/wp\/v2\/noticias"}],"about":[{"href":"https:\/\/portal.fgeo.gob.mx\/index.php\/wp-json\/wp\/v2\/types\/noticias"}],"author":[{"embeddable":true,"href":"https:\/\/portal.fgeo.gob.mx\/index.php\/wp-json\/wp\/v2\/users\/2"}],"replies":[{"embeddable":true,"href":"https:\/\/portal.fgeo.gob.mx\/index.php\/wp-json\/wp\/v2\/comments?post=16376"}],"wp:featuredmedia":[{"embeddable":true,"href":"https:\/\/portal.fgeo.gob.mx\/index.php\/wp-json\/"}],"wp:attachment":[{"href":"https:\/\/portal.fgeo.gob.mx\/index.php\/wp-json\/wp\/v2\/media?parent=16376"}],"wp:term":[{"taxonomy":"post_tag","embeddable":true,"href":"https:\/\/portal.fgeo.gob.mx\/index.php\/wp-json\/wp\/v2\/tags?post=16376"},{"taxonomy":"categoria_noticias","embeddable":true,"href":"https:\/\/portal.fgeo.gob.mx\/index.php\/wp-json\/wp\/v2\/categoria_noticias?post=16376"}],"curies":[{"name":"wp","href":"https:\/\/api.w.org\/{rel}","templated":true}]}}