{"id":16369,"date":"2024-10-25T13:30:53","date_gmt":"2024-10-25T19:30:53","guid":{"rendered":"https:\/\/fge.oaxaca.gob.mx\/?post_type=noticias&amp;p=7589"},"modified":"2024-10-25T13:30:53","modified_gmt":"2024-10-25T19:30:53","slug":"boletin-1024-fiscalia-de-oaxaca-ejecuta-orden-de-aprehension-por-violacion-ocurrida-en-los-valles-centrales","status":"publish","type":"noticias","link":"https:\/\/portal.fgeo.gob.mx\/index.php\/archivos\/noticias\/boletin-1024-fiscalia-de-oaxaca-ejecuta-orden-de-aprehension-por-violacion-ocurrida-en-los-valles-centrales","title":{"rendered":"BOLET\u00cdN 1024.- Fiscal\u00eda de Oaxaca ejecuta orden de aprehensi\u00f3n por violaci\u00f3n ocurrida en los Valles Centrales"},"content":{"rendered":"<p><strong>Oaxaca de Ju\u00e1rez, Oax., a 25 de octubre de 2024.-<\/strong> Como parte de la estrategia de cero tolerancia a delitos contra la mujer por raz\u00f3n de g\u00e9nero, la Fiscal\u00eda General del Estado de Oaxaca (FGEO) ejecut\u00f3 una orden de aprehensi\u00f3n en contra de una persona del sexo masculino identificada como A.R.C., por el delito de Violaci\u00f3n Agravada en perjuicio de una mujer, cometido en la regi\u00f3n de los Valles Centrales.<\/p>\n<p>De acuerdo con el expediente penal del caso, A.R.C. fue detenido en calles c\u00e9ntricas de la Ciudad de Oaxaca de Ju\u00e1rez, derivado de los hechos ocurridos el 27 de junio de 2024, en que una mujer fue agredida de manera sexual en jurisdicci\u00f3n del municipio de San Raymundo Jalpan.<\/p>\n<p>La investigaci\u00f3n revela que, la v\u00edctima fue interceptada por un sujeto cuando sal\u00eda de su lugar de trabajo ubicado en la Avenida Ferrocarril del citado municipio, posteriormente, fue llevada con amenazas a un paraje donde la agredi\u00f3.<\/p>\n<p>Una vez que la FGEO atrajo el caso, realiz\u00f3 las indagatorias correspondientes con perspectiva de g\u00e9nero, a trav\u00e9s de la Comandancia de Investigaci\u00f3n Especializada para la Atenci\u00f3n a Delitos Contra la Mujer por Raz\u00f3n de G\u00e9nero de la Vicefiscal\u00eda Regional de Valles Centrales, quienes lograron obtener la orden de aprehensi\u00f3n contra A.R.C., para ponerlo a disposici\u00f3n de la autoridad competente.<\/p>\n<p>La Fiscal\u00eda de Oaxaca est\u00e1 comprometida con dar celeridad a las investigaciones relacionadas con delitos cometidos en contra de ni\u00f1as, ni\u00f1os, adolescente y mujeres por ello, realiza los trabajos a trav\u00e9s de equipos multidisciplinarios que permitan fortalecer las l\u00edneas de investigaci\u00f3n y con ello brindar certeza a los procesos de procuraci\u00f3n de justicia.<\/p>\n<p><img fetchpriority=\"high\" decoding=\"async\" class=\"size-medium wp-image-7590\" src=\"https:\/\/portal.fgeo.gob.mx\/wp-content\/uploads\/2024\/10\/Dise%C3%B1o-sin-t%C3%ADtulo-1-2-230x300.jpg\" alt=\"\" width=\"230\" height=\"300\" \/><\/p>\n","protected":false},"author":2,"featured_media":7504,"comment_status":"closed","ping_status":"closed","template":"","tags":[],"categoria_noticias":[],"class_list":["post-16369","noticias","type-noticias","status-publish","has-post-thumbnail","hentry"],"acf":[],"mb":[],"mfb_rest_fields":["title","gutenberg_elementor_mode"],"_links":{"self":[{"href":"https:\/\/portal.fgeo.gob.mx\/index.php\/wp-json\/wp\/v2\/noticias\/16369","targetHints":{"allow":["GET"]}}],"collection":[{"href":"https:\/\/portal.fgeo.gob.mx\/index.php\/wp-json\/wp\/v2\/noticias"}],"about":[{"href":"https:\/\/portal.fgeo.gob.mx\/index.php\/wp-json\/wp\/v2\/types\/noticias"}],"author":[{"embeddable":true,"href":"https:\/\/portal.fgeo.gob.mx\/index.php\/wp-json\/wp\/v2\/users\/2"}],"replies":[{"embeddable":true,"href":"https:\/\/portal.fgeo.gob.mx\/index.php\/wp-json\/wp\/v2\/comments?post=16369"}],"wp:featuredmedia":[{"embeddable":true,"href":"https:\/\/portal.fgeo.gob.mx\/index.php\/wp-json\/"}],"wp:attachment":[{"href":"https:\/\/portal.fgeo.gob.mx\/index.php\/wp-json\/wp\/v2\/media?parent=16369"}],"wp:term":[{"taxonomy":"post_tag","embeddable":true,"href":"https:\/\/portal.fgeo.gob.mx\/index.php\/wp-json\/wp\/v2\/tags?post=16369"},{"taxonomy":"categoria_noticias","embeddable":true,"href":"https:\/\/portal.fgeo.gob.mx\/index.php\/wp-json\/wp\/v2\/categoria_noticias?post=16369"}],"curies":[{"name":"wp","href":"https:\/\/api.w.org\/{rel}","templated":true}]}}