{"id":16367,"date":"2024-10-24T15:17:12","date_gmt":"2024-10-24T21:17:12","guid":{"rendered":"https:\/\/fge.oaxaca.gob.mx\/?post_type=noticias&amp;p=7585"},"modified":"2024-10-24T15:17:12","modified_gmt":"2024-10-24T21:17:12","slug":"boletin-1022-fiscalia-de-oaxaca-lleva-ante-juez-a-una-persona-por-el-delito-de-violencia-de-pareja-hechos-ocurridos-en-la-region-de-los-valles-centrales","status":"publish","type":"noticias","link":"https:\/\/portal.fgeo.gob.mx\/index.php\/archivos\/noticias\/boletin-1022-fiscalia-de-oaxaca-lleva-ante-juez-a-una-persona-por-el-delito-de-violencia-de-pareja-hechos-ocurridos-en-la-region-de-los-valles-centrales","title":{"rendered":"BOLET\u00cdN 1022.- Fiscal\u00eda de Oaxaca lleva ante juez a una persona por el delito de Violencia de pareja, hechos ocurridos en la regi\u00f3n de los Valles Centrales"},"content":{"rendered":"<p><strong>Oaxaca de Ju\u00e1rez, Oax., a 24 de octubre de 2024.-<\/strong> El combate a los delitos cometidos contra mujeres, ni\u00f1as, ni\u00f1os y adolescentes son parte de la agenda prioritaria de la Fiscal\u00eda General del Estado de Oaxaca (FGEO), bajo esta premisa, la Instituci\u00f3n de procuraci\u00f3n de justicia llev\u00f3 ante el Juez a una persona del sexo masculino identificada como J.C.M.M., por el delito de violencia de pareja, cometido en agravio de G.B.S., hechos ocurridos en la regi\u00f3n de los Valles Centrales.<\/p>\n<p>De acuerdo con la denuncia penal del caso, la v\u00edctima -pareja del imputado- fue agredida verbal y f\u00edsicamente, adem\u00e1s de haber sido amenazada con una herramienta de trabajo, el 27 de septiembre de 2024, en un domicilio particular ubicado en la colonia 7 Regiones, jurisdicci\u00f3n del municipio de Oaxaca de Ju\u00e1rez.<\/p>\n<p>La v\u00edctima acudi\u00f3 ante FGEO para poner su denuncia y, a trav\u00e9s de la Fiscal\u00eda Especializada para la Atenci\u00f3n de Delitos Contra la Mujer por Raz\u00f3n de G\u00e9nero, se realizaron los trabajos ministeriales que permitieron la obtenci\u00f3n y posterior ejecuci\u00f3n de una orden de aprehensi\u00f3n en contra de J.C.M.M., quien qued\u00f3 a disposici\u00f3n de la autoridad ministerial correspondiente para determinar su situaci\u00f3n jur\u00eddica.<\/p>\n<p>En audiencia, el Juez calific\u00f3 como legal la detenci\u00f3n de J.C.M.M., por el delito de violencia de pareja, por lo que el imputado qued\u00f3 en prisi\u00f3n preventiva justificada, adem\u00e1s que se solicit\u00f3 la vinculaci\u00f3n a proceso y otorg\u00f3 un mes para el cierre de la investigaci\u00f3n complementaria.<\/p>\n<p>La Fiscal\u00eda General reitera su compromiso a esclarecer delitos de g\u00e9nero en la entidad, aplicando todo el rigor de la Ley a quien o quienes resulten responsables.<\/p>\n<p>&nbsp;<\/p>\n","protected":false},"author":2,"featured_media":7504,"comment_status":"closed","ping_status":"closed","template":"","tags":[],"categoria_noticias":[],"class_list":["post-16367","noticias","type-noticias","status-publish","has-post-thumbnail","hentry"],"acf":[],"mb":[],"mfb_rest_fields":["title","gutenberg_elementor_mode"],"_links":{"self":[{"href":"https:\/\/portal.fgeo.gob.mx\/index.php\/wp-json\/wp\/v2\/noticias\/16367","targetHints":{"allow":["GET"]}}],"collection":[{"href":"https:\/\/portal.fgeo.gob.mx\/index.php\/wp-json\/wp\/v2\/noticias"}],"about":[{"href":"https:\/\/portal.fgeo.gob.mx\/index.php\/wp-json\/wp\/v2\/types\/noticias"}],"author":[{"embeddable":true,"href":"https:\/\/portal.fgeo.gob.mx\/index.php\/wp-json\/wp\/v2\/users\/2"}],"replies":[{"embeddable":true,"href":"https:\/\/portal.fgeo.gob.mx\/index.php\/wp-json\/wp\/v2\/comments?post=16367"}],"wp:featuredmedia":[{"embeddable":true,"href":"https:\/\/portal.fgeo.gob.mx\/index.php\/wp-json\/"}],"wp:attachment":[{"href":"https:\/\/portal.fgeo.gob.mx\/index.php\/wp-json\/wp\/v2\/media?parent=16367"}],"wp:term":[{"taxonomy":"post_tag","embeddable":true,"href":"https:\/\/portal.fgeo.gob.mx\/index.php\/wp-json\/wp\/v2\/tags?post=16367"},{"taxonomy":"categoria_noticias","embeddable":true,"href":"https:\/\/portal.fgeo.gob.mx\/index.php\/wp-json\/wp\/v2\/categoria_noticias?post=16367"}],"curies":[{"name":"wp","href":"https:\/\/api.w.org\/{rel}","templated":true}]}}