{"id":16366,"date":"2024-10-24T12:58:02","date_gmt":"2024-10-24T18:58:02","guid":{"rendered":"https:\/\/fge.oaxaca.gob.mx\/?post_type=noticias&amp;p=7583"},"modified":"2024-10-24T12:58:02","modified_gmt":"2024-10-24T18:58:02","slug":"boletin-1021-obtiene-fgeo-vinculacion-a-proceso-contra-una-mujer-por-el-delito-de-suplantacion-de-identidad-en-perjuicio-de-la-tienda-coppel-hechos-ocurridos-en-la-region-de-la-costa","status":"publish","type":"noticias","link":"https:\/\/portal.fgeo.gob.mx\/index.php\/archivos\/noticias\/boletin-1021-obtiene-fgeo-vinculacion-a-proceso-contra-una-mujer-por-el-delito-de-suplantacion-de-identidad-en-perjuicio-de-la-tienda-coppel-hechos-ocurridos-en-la-region-de-la-costa","title":{"rendered":"BOLET\u00cdN 1021.-  Obtiene FGEO vinculaci\u00f3n a proceso contra una mujer por el delito de suplantaci\u00f3n de identidad en perjuicio de la tienda Coppel, hechos ocurridos en la regi\u00f3n de la Costa"},"content":{"rendered":"<p>* La persona imputada acudi\u00f3 al \u00e1rea de servicio bancario y solicit\u00f3 un pr\u00e9stamo con una identificaci\u00f3n falsa<\/p>\n<p><strong>Oaxaca de Ju\u00e1rez, Oax., a 24 de octubre de 2024.-<\/strong> La Fiscal\u00eda General del Estado de Oaxaca (FGEO) obtuvo auto de vinculaci\u00f3n a proceso contra una persona del sexo femenino identificada como M.M.G. o I.V.M., por el delito de Suplantaci\u00f3n de Identidad Digital, cometido en perjuicio de la tienda Coppel S.A de C.V, en la regi\u00f3n de la Costa.<\/p>\n<p>De acuerdo con la carpeta de investigaci\u00f3n, los hechos acontecieron el 25 de septiembre de 2024, cuando la imputada se present\u00f3 a la citada tienda en el \u00e1rea de &#8220;BanCoppel&#8221; ubicada en Avenida Oaxaca 806 con sede en Puerto Escondido, en donde solicit\u00f3 un cr\u00e9dito proporcionando una identificaci\u00f3n falsa.<\/p>\n<p>La investigaci\u00f3n revela que, la empresa al revisar el control interno, se percat\u00f3 que dicha persona ya hab\u00eda solicitado diversos cr\u00e9ditos en las dem\u00e1s sucursales con diferentes identidades e identificaciones, por lo que fue denunciada ante la polic\u00eda municipal y posteriormente puesta a disposici\u00f3n de las autoridades locales de la regi\u00f3n.<\/p>\n<p>Ante estos hechos y tras realizar una investigaci\u00f3n minuciosa del caso, la FGEO a trav\u00e9s de la Vicefiscal\u00eda Regional de la Costa, present\u00f3 las pruebas ante un juez de control quien determin\u00f3 vincular a proceso a M.M.G. o I.V.M., por el delito de suplantaci\u00f3n de identidad, imponiendo la medida cautelar de prisi\u00f3n preventiva justificada y otorgando tres meses para el cierre de investigaci\u00f3n complementaria.<\/p>\n<p>La Fiscal\u00eda General refrenda su compromiso de presentar ante la justicia y aplicar la Ley sin distingo a quien o quienes resulten responsables de hechos deshonestos, garantizando justicia a las v\u00edctimas.<\/p>\n<figure id=\"attachment_7584\" aria-describedby=\"caption-attachment-7584\" style=\"width: 300px\" class=\"wp-caption alignnone\"><img decoding=\"async\" class=\"size-medium wp-image-7584\" src=\"https:\/\/portal.fgeo.gob.mx\/wp-content\/uploads\/2024\/10\/Dise%C3%B1o-sin-t%C3%ADtulo-8-300x166.jpg\" alt=\"\" width=\"300\" height=\"166\" \/><figcaption id=\"caption-attachment-7584\" class=\"wp-caption-text\">Dise\u00f1o sin t\u00edtulo &#8211; 1<\/figcaption><\/figure>\n","protected":false},"author":2,"featured_media":7504,"comment_status":"closed","ping_status":"closed","template":"","tags":[],"categoria_noticias":[],"class_list":["post-16366","noticias","type-noticias","status-publish","has-post-thumbnail","hentry"],"acf":[],"mb":[],"mfb_rest_fields":["title","gutenberg_elementor_mode"],"_links":{"self":[{"href":"https:\/\/portal.fgeo.gob.mx\/index.php\/wp-json\/wp\/v2\/noticias\/16366","targetHints":{"allow":["GET"]}}],"collection":[{"href":"https:\/\/portal.fgeo.gob.mx\/index.php\/wp-json\/wp\/v2\/noticias"}],"about":[{"href":"https:\/\/portal.fgeo.gob.mx\/index.php\/wp-json\/wp\/v2\/types\/noticias"}],"author":[{"embeddable":true,"href":"https:\/\/portal.fgeo.gob.mx\/index.php\/wp-json\/wp\/v2\/users\/2"}],"replies":[{"embeddable":true,"href":"https:\/\/portal.fgeo.gob.mx\/index.php\/wp-json\/wp\/v2\/comments?post=16366"}],"wp:featuredmedia":[{"embeddable":true,"href":"https:\/\/portal.fgeo.gob.mx\/index.php\/wp-json\/"}],"wp:attachment":[{"href":"https:\/\/portal.fgeo.gob.mx\/index.php\/wp-json\/wp\/v2\/media?parent=16366"}],"wp:term":[{"taxonomy":"post_tag","embeddable":true,"href":"https:\/\/portal.fgeo.gob.mx\/index.php\/wp-json\/wp\/v2\/tags?post=16366"},{"taxonomy":"categoria_noticias","embeddable":true,"href":"https:\/\/portal.fgeo.gob.mx\/index.php\/wp-json\/wp\/v2\/categoria_noticias?post=16366"}],"curies":[{"name":"wp","href":"https:\/\/api.w.org\/{rel}","templated":true}]}}