{"id":16364,"date":"2024-10-22T11:54:08","date_gmt":"2024-10-22T17:54:08","guid":{"rendered":"https:\/\/fge.oaxaca.gob.mx\/?post_type=noticias&amp;p=7580"},"modified":"2024-10-22T11:54:08","modified_gmt":"2024-10-22T17:54:08","slug":"boletin-1019-obtiene-fgeo-sentencia-de-75-anos-de-prision-contra-responsable-de-secuestro-agravado-cometido-en-la-region-de-la-costa-de-oaxaca","status":"publish","type":"noticias","link":"https:\/\/portal.fgeo.gob.mx\/index.php\/archivos\/noticias\/boletin-1019-obtiene-fgeo-sentencia-de-75-anos-de-prision-contra-responsable-de-secuestro-agravado-cometido-en-la-region-de-la-costa-de-oaxaca","title":{"rendered":"BOLET\u00cdN 1019.- Obtiene FGEO sentencia de 75 a\u00f1os de prisi\u00f3n contra responsable de Secuestro Agravado cometido en la regi\u00f3n de la Costa de Oaxaca"},"content":{"rendered":"<p><strong>Oaxaca de Ju\u00e1rez, Oax., a 22 de octubre de 2024.-<\/strong> Como resultado del trabajo ministerial especializado en delitos de alto impacto que realiza la Fiscal\u00eda General del Estado de Oaxaca (FGEO), se obtuvo una sentencia condenatoria de 75 a\u00f1os de prisi\u00f3n en contra de una persona del sexo masculino identificada como Eusebio C.R., por el delito de Secuestro Agravado, ocurrido en la regi\u00f3n de la Costa.<\/p>\n<p>Conforme a lo asentado en el expediente penal del caso, los hechos ocurrieron el 12 de enero de 2011, cuando la v\u00edctima -un hombre identificado como G.H.B.- mostraba un terreno para su venta, el cual est\u00e1 ubicado en la colonia San Miguel, en Puerto Escondido en jurisdicci\u00f3n del municipio de San Pedro Mixtepec, lugar a donde lleg\u00f3 el hoy sentenciado que, en compa\u00f1\u00eda de otras personas, quienes privaron de la libertad a la v\u00edctima, llev\u00e1ndolo a un poblado del municipio de San Bartolom\u00e9 Loxicha.<\/p>\n<p>La investigaci\u00f3n revela que, G.H.B. estuvo en cautiverio, lapso en que los responsables pidieron dinero a la familia, como rescate para liberar a la v\u00edctima.<\/p>\n<p>Tras estos hechos y derivado de una denuncia, la Fiscal\u00eda de Oaxaca tom\u00f3 conocimiento del caso e inici\u00f3 las investigaciones correspondientes a trav\u00e9s de la Vicefiscal\u00eda Regional de la Costa que despleg\u00f3 un equipo especializado al lugar de los hechos para levantar evidencia, y derivado de ello, obtuvieron una orden de aprehensi\u00f3n contra el hoy sentenciado.<\/p>\n<p>Una vez detenido, Eusebio C.R. fue puesto a disposici\u00f3n de la autoridad que lo requiri\u00f3 y al evaluar los datos de prueba aportados por la FGEO, el Juez que conoce la causa dict\u00f3 sentencia condenatoria de 75 a\u00f1os de prisi\u00f3n por el delito de Secuestro Agravado, adem\u00e1s que impuso un pago econ\u00f3mico por concepto de multa y reparaci\u00f3n del da\u00f1o.<\/p>\n<p>Los trabajos de combate al secuestro que realiza la Fiscal\u00eda de Oaxaca se efect\u00faan en estricto apego a los protocolos de actuaci\u00f3n en la materia para dar certeza a las v\u00edctimas directas e indirectas, para que tengan pleno acceso a la justicia.<\/p>\n<p><img fetchpriority=\"high\" decoding=\"async\" class=\"alignnone size-medium wp-image-7581\" src=\"https:\/\/portal.fgeo.gob.mx\/wp-content\/uploads\/2024\/10\/Dise%C3%B1o-sin-t%C3%ADtulo-1-1-234x300.jpg\" alt=\"\" width=\"234\" height=\"300\" \/><\/p>\n","protected":false},"author":2,"featured_media":7504,"comment_status":"closed","ping_status":"closed","template":"","tags":[],"categoria_noticias":[],"class_list":["post-16364","noticias","type-noticias","status-publish","has-post-thumbnail","hentry"],"acf":[],"mb":[],"mfb_rest_fields":["title","gutenberg_elementor_mode"],"_links":{"self":[{"href":"https:\/\/portal.fgeo.gob.mx\/index.php\/wp-json\/wp\/v2\/noticias\/16364","targetHints":{"allow":["GET"]}}],"collection":[{"href":"https:\/\/portal.fgeo.gob.mx\/index.php\/wp-json\/wp\/v2\/noticias"}],"about":[{"href":"https:\/\/portal.fgeo.gob.mx\/index.php\/wp-json\/wp\/v2\/types\/noticias"}],"author":[{"embeddable":true,"href":"https:\/\/portal.fgeo.gob.mx\/index.php\/wp-json\/wp\/v2\/users\/2"}],"replies":[{"embeddable":true,"href":"https:\/\/portal.fgeo.gob.mx\/index.php\/wp-json\/wp\/v2\/comments?post=16364"}],"wp:featuredmedia":[{"embeddable":true,"href":"https:\/\/portal.fgeo.gob.mx\/index.php\/wp-json\/"}],"wp:attachment":[{"href":"https:\/\/portal.fgeo.gob.mx\/index.php\/wp-json\/wp\/v2\/media?parent=16364"}],"wp:term":[{"taxonomy":"post_tag","embeddable":true,"href":"https:\/\/portal.fgeo.gob.mx\/index.php\/wp-json\/wp\/v2\/tags?post=16364"},{"taxonomy":"categoria_noticias","embeddable":true,"href":"https:\/\/portal.fgeo.gob.mx\/index.php\/wp-json\/wp\/v2\/categoria_noticias?post=16364"}],"curies":[{"name":"wp","href":"https:\/\/api.w.org\/{rel}","templated":true}]}}