{"id":16362,"date":"2024-10-20T11:02:40","date_gmt":"2024-10-20T17:02:40","guid":{"rendered":"https:\/\/fge.oaxaca.gob.mx\/?post_type=noticias&amp;p=7571"},"modified":"2024-10-20T11:02:40","modified_gmt":"2024-10-20T17:02:40","slug":"boletin-1017-trabajo-coordinado-entre-fiscalia-de-oaxaca-coordinacion-nacional-antisecuestros-conase-secretaria-de-seguridad-publica-de-veracruz-y-fiscalia-de-veracruz-logra-la-detencion-de-una","status":"publish","type":"noticias","link":"https:\/\/portal.fgeo.gob.mx\/index.php\/archivos\/noticias\/boletin-1017-trabajo-coordinado-entre-fiscalia-de-oaxaca-coordinacion-nacional-antisecuestros-conase-secretaria-de-seguridad-publica-de-veracruz-y-fiscalia-de-veracruz-logra-la-detencion-de-una","title":{"rendered":"BOLET\u00cdN 1017.- Trabajo coordinado entre Fiscal\u00eda de Oaxaca, Coordinaci\u00f3n Nacional Antisecuestros (CONASE), Secretar\u00eda de Seguridad P\u00fablica de Veracruz y Fiscal\u00eda de Veracruz logra la detenci\u00f3n de una persona y aseguran tel\u00e9fono celular de v\u00edctima, tras operativo realizado por b\u00fasqueda de Sandra Dom\u00ednguez y Alexander Hern\u00e1ndez"},"content":{"rendered":"<p><strong>Oaxaca de Ju\u00e1rez, Oax., a 20 de octubre de 2024.-<\/strong> La Fiscal\u00eda General del Estado de Oaxaca (FGEO) realiz\u00f3 la detenci\u00f3n de una persona del sexo masculino, a quien investiga si existe alg\u00fan nivel de involucramiento en el caso- y logr\u00f3 el aseguramiento de un equipo de tel\u00e9fono celular perteneciente a Sandra Estefana Dom\u00ednguez Mart\u00ednez, quien est\u00e1 reportada como No Localizada junto a su esposo Alexander Hern\u00e1ndez Hern\u00e1ndez. Estas acciones son parte de los resultados de los trabajos de localizaci\u00f3n y b\u00fasqueda que se realizan en el estado de Veracruz.<\/p>\n<p>&nbsp;<\/p>\n<p>Derivado de los trabajos de inteligencia criminal que realiza la Fiscal\u00eda de Oaxaca, junto con la federaci\u00f3n con la participaci\u00f3n de la Coordinaci\u00f3n Nacional Antisecuestros (CONASE) de la Secretar\u00eda de Seguridad y Protecci\u00f3n Ciudadana, se obtuvo un punto georreferenciado en la localidad de Nigromante, perteneciente al municipio de Palaya Vicente, en Veracruz, el cual estar\u00eda relacionado con la No Localizaci\u00f3n de las v\u00edctimas.<\/p>\n<p>&nbsp;<\/p>\n<p>Ante los indicios, y gracias al documento de intervenci\u00f3n de la FGEO, elementos de la Agencia Estatal de Investigaciones (AEI), junto a elementos de la Secretar\u00eda de la Defensa Nacional (SEDENA) y de la Guardia Nacional, y en colaboraci\u00f3n con la Secretar\u00eda de Seguridad P\u00fablica de Veracruz y la Fiscal\u00eda General del Estado de Veracruz, realizaron un operativo en la zona antes citada.<\/p>\n<p>&nbsp;<\/p>\n<p>Como resultado del despliegue t\u00e1ctico se logr\u00f3 la detenci\u00f3n de una persona del sexo masculino identificada como P. S. V., quien qued\u00f3 a disposici\u00f3n de la autoridad ministerial correspondiente para realizar la investigaci\u00f3n que se establezca si existe alg\u00fan tipo o nivel de involucramiento en el caso y, de esta manera, determinar su situaci\u00f3n jur\u00eddica.<\/p>\n<p>&nbsp;<\/p>\n<p>Adem\u00e1s, se logr\u00f3 el aseguramiento del equipo de telefon\u00eda celular propiedad de Sandra Estefana Dom\u00ednguez Mart\u00ednez, el cual se integr\u00f3 a las investigaciones por lo que se realizan los trabajos forenses para la extracci\u00f3n de datos digitales, con el objetivo de fortalecer las investigaciones para dar con el paradero de las v\u00edctimas.<\/p>\n<p>&nbsp;<\/p>\n<p>En tanto que, luego de obtener nuevos datos sobre el caso que son relevantes para los trabajos ministeriales, se extendieron los rangos de b\u00fasqueda y localizaci\u00f3n que se focalizan, principalmente, en diferentes zonas de Veracruz, donde fueron asegurados, tanto el veh\u00edculo de las v\u00edctimas como el tel\u00e9fono de Sandra Dom\u00ednguez.<\/p>\n<p>&nbsp;<\/p>\n<p>La Fiscal\u00eda General del Estado de Oaxaca con estas acciones refrenda su compromiso de colaborar activamente con \u00f3rganos de seguridad y procuraci\u00f3n de justicia federales y estatales para garantizar a las v\u00edctimas directas e indirectas de este caso un adecuado acceso a la procuraci\u00f3n de justicia, por ello, sigue todas las l\u00edneas de investigaci\u00f3n con el objetivo de dar con el paradero de Sandra Dom\u00ednguez Mart\u00ednez y Alexander Hern\u00e1ndez Hern\u00e1ndez.<\/p>\n<figure id=\"attachment_7572\" aria-describedby=\"caption-attachment-7572\" style=\"width: 300px\" class=\"wp-caption alignnone\"><img fetchpriority=\"high\" decoding=\"async\" class=\"size-medium wp-image-7572\" src=\"https:\/\/portal.fgeo.gob.mx\/wp-content\/uploads\/2024\/10\/Dise%C3%B1o-sin-t%C3%ADtulo-7-300x171.jpg\" alt=\"\" width=\"300\" height=\"171\" \/><figcaption id=\"caption-attachment-7572\" class=\"wp-caption-text\">Dise\u00f1o sin t\u00edtulo &#8211; 1<\/figcaption><\/figure>\n","protected":false},"author":2,"featured_media":7504,"comment_status":"closed","ping_status":"closed","template":"","tags":[],"categoria_noticias":[],"class_list":["post-16362","noticias","type-noticias","status-publish","has-post-thumbnail","hentry"],"acf":[],"mb":[],"mfb_rest_fields":["title","gutenberg_elementor_mode"],"_links":{"self":[{"href":"https:\/\/portal.fgeo.gob.mx\/index.php\/wp-json\/wp\/v2\/noticias\/16362","targetHints":{"allow":["GET"]}}],"collection":[{"href":"https:\/\/portal.fgeo.gob.mx\/index.php\/wp-json\/wp\/v2\/noticias"}],"about":[{"href":"https:\/\/portal.fgeo.gob.mx\/index.php\/wp-json\/wp\/v2\/types\/noticias"}],"author":[{"embeddable":true,"href":"https:\/\/portal.fgeo.gob.mx\/index.php\/wp-json\/wp\/v2\/users\/2"}],"replies":[{"embeddable":true,"href":"https:\/\/portal.fgeo.gob.mx\/index.php\/wp-json\/wp\/v2\/comments?post=16362"}],"wp:featuredmedia":[{"embeddable":true,"href":"https:\/\/portal.fgeo.gob.mx\/index.php\/wp-json\/"}],"wp:attachment":[{"href":"https:\/\/portal.fgeo.gob.mx\/index.php\/wp-json\/wp\/v2\/media?parent=16362"}],"wp:term":[{"taxonomy":"post_tag","embeddable":true,"href":"https:\/\/portal.fgeo.gob.mx\/index.php\/wp-json\/wp\/v2\/tags?post=16362"},{"taxonomy":"categoria_noticias","embeddable":true,"href":"https:\/\/portal.fgeo.gob.mx\/index.php\/wp-json\/wp\/v2\/categoria_noticias?post=16362"}],"curies":[{"name":"wp","href":"https:\/\/api.w.org\/{rel}","templated":true}]}}