{"id":16361,"date":"2024-10-18T13:05:12","date_gmt":"2024-10-18T19:05:12","guid":{"rendered":"https:\/\/fge.oaxaca.gob.mx\/?post_type=noticias&amp;p=7569"},"modified":"2024-10-18T13:05:12","modified_gmt":"2024-10-18T19:05:12","slug":"boletin-1016-obtiene-fgeo-fallo-condenatorio-contra-una-persona-por-el-delito-de-violencia-familiar-cometido-en-la-region-del-istmo","status":"publish","type":"noticias","link":"https:\/\/portal.fgeo.gob.mx\/index.php\/archivos\/noticias\/boletin-1016-obtiene-fgeo-fallo-condenatorio-contra-una-persona-por-el-delito-de-violencia-familiar-cometido-en-la-region-del-istmo","title":{"rendered":"BOLET\u00cdN 1016.- Obtiene FGEO fallo condenatorio contra una persona por el delito de Violencia Familiar cometido en la regi\u00f3n del Istmo"},"content":{"rendered":"<p><strong>Oaxaca de Ju\u00e1rez, Oax., a 18 de octubre de 2024.-<\/strong> Como parte de las acciones realizadas para procurar justicia a las mujeres v\u00edctimas directas e indirectas de delitos por raz\u00f3n de g\u00e9nero, la Fiscal\u00eda General del Estado de Oaxaca (FGEO) obtuvo un fallo condenatorio contra una persona del sexo masculino identificada como R.F.R., por el delito de Violencia Familiar, ocurrido en la regi\u00f3n del Istmo de Tehuantepec.<\/p>\n<p>De acuerdo con la causa penal del caso, los hechos ocurrieron la noche del 17 de febrero de 2023, cuando la v\u00edctima -identificada como C.G.M.- se encontraba al interior de su domicilio ubicado en la Colonia Barrio Ju\u00e1rez Sur, del municipio de Mat\u00edas Romero, lugar donde el responsable la agredi\u00f3 f\u00edsicamente, sin embargo, tras la intervenci\u00f3n de uno de sus familiares, logr\u00f3 ponerse a salvo.<\/p>\n<p>Una vez que la FGEO tom\u00f3 conocimiento del caso, inici\u00f3 las investigaciones a trav\u00e9s de la Vicefiscal\u00eda Regional del Istmo, las cuales permitieron obtener una orden de aprehensi\u00f3n contra el imputado y con ello, llevarlo ante el Juez que lo requiri\u00f3.<\/p>\n<p>Tras el desahogo de pruebas presentadas por la FGEO, el Juez que atiende la causa dict\u00f3 fallo condenatorio contra R.F.R., por el delito de Violencia Familiar, a reserva de que se efect\u00fae la audiencia para la individualizaci\u00f3n de la pena y definir la reparaci\u00f3n del da\u00f1o.<\/p>\n<p>La Fiscal\u00eda General de Oaxaca ha fortalecido las \u00e1reas de g\u00e9nero en las Vicefiscal\u00edas, as\u00ed como la Fiscal\u00eda Especializada en Atenci\u00f3n a Delitos contra la Mujer en Raz\u00f3n de G\u00e9nero, con el objetivo de que las acciones de procuraci\u00f3n de justicia para las v\u00edctimas directas e indirectas de delitos cometidos contra mujeres, ni\u00f1as y adolescentes sean una constante, en el marco de una pol\u00edtica que promueve una vida libre de violencia hacia este sector social.<\/p>\n","protected":false},"author":2,"featured_media":7504,"comment_status":"closed","ping_status":"closed","template":"","tags":[],"categoria_noticias":[],"class_list":["post-16361","noticias","type-noticias","status-publish","has-post-thumbnail","hentry"],"acf":[],"mb":[],"mfb_rest_fields":["title","gutenberg_elementor_mode"],"_links":{"self":[{"href":"https:\/\/portal.fgeo.gob.mx\/index.php\/wp-json\/wp\/v2\/noticias\/16361","targetHints":{"allow":["GET"]}}],"collection":[{"href":"https:\/\/portal.fgeo.gob.mx\/index.php\/wp-json\/wp\/v2\/noticias"}],"about":[{"href":"https:\/\/portal.fgeo.gob.mx\/index.php\/wp-json\/wp\/v2\/types\/noticias"}],"author":[{"embeddable":true,"href":"https:\/\/portal.fgeo.gob.mx\/index.php\/wp-json\/wp\/v2\/users\/2"}],"replies":[{"embeddable":true,"href":"https:\/\/portal.fgeo.gob.mx\/index.php\/wp-json\/wp\/v2\/comments?post=16361"}],"wp:featuredmedia":[{"embeddable":true,"href":"https:\/\/portal.fgeo.gob.mx\/index.php\/wp-json\/"}],"wp:attachment":[{"href":"https:\/\/portal.fgeo.gob.mx\/index.php\/wp-json\/wp\/v2\/media?parent=16361"}],"wp:term":[{"taxonomy":"post_tag","embeddable":true,"href":"https:\/\/portal.fgeo.gob.mx\/index.php\/wp-json\/wp\/v2\/tags?post=16361"},{"taxonomy":"categoria_noticias","embeddable":true,"href":"https:\/\/portal.fgeo.gob.mx\/index.php\/wp-json\/wp\/v2\/categoria_noticias?post=16361"}],"curies":[{"name":"wp","href":"https:\/\/api.w.org\/{rel}","templated":true}]}}