{"id":16360,"date":"2024-10-18T11:40:03","date_gmt":"2024-10-18T17:40:03","guid":{"rendered":"https:\/\/fge.oaxaca.gob.mx\/?post_type=noticias&amp;p=7568"},"modified":"2024-10-18T11:40:03","modified_gmt":"2024-10-18T17:40:03","slug":"boletin-1015-queda-en-prision-y-vinculacion-a-proceso-un-hombre-por-violencia-familiar-cometida-en-valles-centrales-fgeo","status":"publish","type":"noticias","link":"https:\/\/portal.fgeo.gob.mx\/index.php\/archivos\/noticias\/boletin-1015-queda-en-prision-y-vinculacion-a-proceso-un-hombre-por-violencia-familiar-cometida-en-valles-centrales-fgeo","title":{"rendered":"BOLET\u00cdN 1015-Queda en prisi\u00f3n y vinculaci\u00f3n a proceso un hombre por violencia familiar cometida en Valles Centrales: FGEO"},"content":{"rendered":"<p><strong>Oaxaca de Ju\u00e1rez, Oax., a 18 de octubre de 2024.-<\/strong> La Fiscal\u00eda General del Estado de Oaxaca obtuvo la vinculaci\u00f3n a proceso de una persona del sexo masculino identificada como M.A.M., por el delito de Violencia Familiar en su modalidad f\u00edsica y psicoemocional, hechos ocurridos en los Valles Centrales.<\/p>\n<p>&nbsp;<\/p>\n<p>De acuerdo con la carpeta de investigaci\u00f3n, los hechos m\u00e1s recientes ocurrieron el 22 de septiembre de 2024, en un local comercial ubicado en inmediaciones de la Central de Abasto de la ciudad de Oaxaca, lugar donde se encontraba la v\u00edctima identificada como E.A.C., a quien agredieron de manera verbal y f\u00edsica, poniendo su integridad f\u00edsica en peligro y causando una afectaci\u00f3n psicol\u00f3gica consistente en un trastorno adaptativo con estado \u00e1nimo deprimido.<\/p>\n<p>&nbsp;<\/p>\n<p>Tras estos hechos, el imputado fue detenido por elementos policiales que se encontraban cerca del lugar, al ser se\u00f1alado como la persona que ejerci\u00f3 violencia en contra de su expareja, por lo que fue puesto a disposici\u00f3n del ministerio p\u00fablico.<\/p>\n<p>&nbsp;<\/p>\n<p>La investigaci\u00f3n tambi\u00e9n revela que, en reiteradas ocasiones la v\u00edctima sufri\u00f3 violencia f\u00edsica y psicoemocional durante el desarrollo de su relaci\u00f3n cuando viv\u00eda en concubinato con M.A.M., en un domicilio ubicado en el municipio de San Antonio de la Cal.<\/p>\n<p>&nbsp;<\/p>\n<p>Ante estos hechos, la FGEO inici\u00f3 las investigaciones correspondientes a trav\u00e9s de la Fiscal\u00eda Especializada para la Atenci\u00f3n de Delitos contra la Mujer por Raz\u00f3n de G\u00e9nero, logrando reunir los datos de prueba pertinentes para acreditar el delito ante un Juez de Control.<\/p>\n<p>&nbsp;<\/p>\n<p>Tras la presentaci\u00f3n de dichos argumentos, la autoridad judicial calific\u00f3 como legal la detenci\u00f3n y consider\u00f3 que existen suficientes indicios para continuar con el proceso penal en contra del acusado por el delito de violencia familiar en su modalidad f\u00edsica y psicoemocional, por lo que dict\u00f3 auto de vinculaci\u00f3n a proceso e impuso la medida cautelar de prisi\u00f3n preventiva justificada, adem\u00e1s de otorgar un mes para el cierre de la investigaci\u00f3n complementaria.<\/p>\n<p>&nbsp;<\/p>\n<p>La Fiscal\u00eda de Oaxaca est\u00e1 comprometida con brindar investigaciones prontas, especialmente en materia del delito de violencia familiar, pues con esto busca garantizar a las v\u00edctimas procesos de procuraci\u00f3n de justicia eficientes.<\/p>\n","protected":false},"author":2,"featured_media":7504,"comment_status":"closed","ping_status":"closed","template":"","tags":[],"categoria_noticias":[],"class_list":["post-16360","noticias","type-noticias","status-publish","has-post-thumbnail","hentry"],"acf":[],"mb":[],"mfb_rest_fields":["title","gutenberg_elementor_mode"],"_links":{"self":[{"href":"https:\/\/portal.fgeo.gob.mx\/index.php\/wp-json\/wp\/v2\/noticias\/16360","targetHints":{"allow":["GET"]}}],"collection":[{"href":"https:\/\/portal.fgeo.gob.mx\/index.php\/wp-json\/wp\/v2\/noticias"}],"about":[{"href":"https:\/\/portal.fgeo.gob.mx\/index.php\/wp-json\/wp\/v2\/types\/noticias"}],"author":[{"embeddable":true,"href":"https:\/\/portal.fgeo.gob.mx\/index.php\/wp-json\/wp\/v2\/users\/2"}],"replies":[{"embeddable":true,"href":"https:\/\/portal.fgeo.gob.mx\/index.php\/wp-json\/wp\/v2\/comments?post=16360"}],"wp:featuredmedia":[{"embeddable":true,"href":"https:\/\/portal.fgeo.gob.mx\/index.php\/wp-json\/"}],"wp:attachment":[{"href":"https:\/\/portal.fgeo.gob.mx\/index.php\/wp-json\/wp\/v2\/media?parent=16360"}],"wp:term":[{"taxonomy":"post_tag","embeddable":true,"href":"https:\/\/portal.fgeo.gob.mx\/index.php\/wp-json\/wp\/v2\/tags?post=16360"},{"taxonomy":"categoria_noticias","embeddable":true,"href":"https:\/\/portal.fgeo.gob.mx\/index.php\/wp-json\/wp\/v2\/categoria_noticias?post=16360"}],"curies":[{"name":"wp","href":"https:\/\/api.w.org\/{rel}","templated":true}]}}